{"id":28288,"date":"2026-02-23T16:08:09","date_gmt":"2026-02-23T15:08:09","guid":{"rendered":"https:\/\/mairiedebonnat.portesdelacreuseenmarche.fr\/mairiedebonnat-2023\/?p=28288"},"modified":"2026-02-25T16:39:28","modified_gmt":"2026-02-25T15:39:28","slug":"campagne-de-recrutement-du-service-national","status":"publish","type":"post","link":"https:\/\/mairiedebonnat.portesdelacreuseenmarche.fr\/mairiedebonnat-2023\/campagne-de-recrutement-du-service-national\/","title":{"rendered":"Campagne de recrutement du Service National"},"content":{"rendered":"\t\t<div data-elementor-type=\"wp-post\" data-elementor-id=\"28288\" class=\"elementor elementor-28288\">\n\t\t\t\t\t\t<section class=\"elementor-section elementor-top-section elementor-element elementor-element-e8ee175 elementor-section-boxed elementor-section-height-default elementor-section-height-default\" data-id=\"e8ee175\" data-element_type=\"section\" data-e-type=\"section\">\n\t\t\t\t\t\t<div class=\"elementor-container elementor-column-gap-default\">\n\t\t\t\t\t<div class=\"elementor-column elementor-col-100 elementor-top-column elementor-element elementor-element-547fdfd\" data-id=\"547fdfd\" data-element_type=\"column\" data-e-type=\"column\">\n\t\t\t<div class=\"elementor-widget-wrap elementor-element-populated\">\n\t\t\t\t\t\t<div class=\"elementor-element elementor-element-9318bc3 elementor-widget elementor-widget-text-editor\" data-id=\"9318bc3\" data-element_type=\"widget\" data-e-type=\"widget\" data-widget_type=\"text-editor.default\">\n\t\t\t\t<div class=\"elementor-widget-container\">\n\t\t\t\t\t\t\t\t\t<h1><a href=\"https:\/\/mairiedebonnat.portesdelacreuseenmarche.fr\/mairiedebonnat-2023\/\">\u00c0 LA UNE !<\/a> \u2a20 Campagne de recrutement du Service National<\/h1>\t\t\t\t\t\t\t\t<\/div>\n\t\t\t\t<\/div>\n\t\t\t\t<div class=\"elementor-element elementor-element-8e21e40 elementor-widget-divider--view-line elementor-widget elementor-widget-divider\" data-id=\"8e21e40\" data-element_type=\"widget\" data-e-type=\"widget\" data-widget_type=\"divider.default\">\n\t\t\t\t<div class=\"elementor-widget-container\">\n\t\t\t\t\t\t\t<div class=\"elementor-divider\">\n\t\t\t<span class=\"elementor-divider-separator\">\n\t\t\t\t\t\t<\/span>\n\t\t<\/div>\n\t\t\t\t\t\t<\/div>\n\t\t\t\t<\/div>\n\t\t\t\t\t<\/div>\n\t\t<\/div>\n\t\t\t\t\t<\/div>\n\t\t<\/section>\n\t\t\t\t<section class=\"elementor-section elementor-top-section elementor-element elementor-element-29b6cad elementor-section-content-top elementor-section-boxed elementor-section-height-default elementor-section-height-default\" data-id=\"29b6cad\" data-element_type=\"section\" data-e-type=\"section\">\n\t\t\t\t\t\t<div class=\"elementor-container elementor-column-gap-no\">\n\t\t\t\t\t<div class=\"elementor-column elementor-col-50 elementor-top-column elementor-element elementor-element-0a2ed05\" data-id=\"0a2ed05\" data-element_type=\"column\" data-e-type=\"column\">\n\t\t\t<div class=\"elementor-widget-wrap elementor-element-populated\">\n\t\t\t\t\t\t<section class=\"elementor-section elementor-inner-section elementor-element elementor-element-fe004df elementor-section-boxed elementor-section-height-default elementor-section-height-default\" data-id=\"fe004df\" data-element_type=\"section\" data-e-type=\"section\">\n\t\t\t\t\t\t<div class=\"elementor-container elementor-column-gap-default\">\n\t\t\t\t\t<div class=\"elementor-column elementor-col-100 elementor-inner-column elementor-element elementor-element-3d96b6d\" data-id=\"3d96b6d\" data-element_type=\"column\" data-e-type=\"column\">\n\t\t\t<div class=\"elementor-widget-wrap elementor-element-populated\">\n\t\t\t\t\t\t<div class=\"elementor-element elementor-element-ddece4a elementor-widget elementor-widget-image\" data-id=\"ddece4a\" data-element_type=\"widget\" data-e-type=\"widget\" data-widget_type=\"image.default\">\n\t\t\t\t<div class=\"elementor-widget-container\">\n\t\t\t\t\t\t\t\t\t\t\t\t\t\t\t<img fetchpriority=\"high\" decoding=\"async\" width=\"800\" height=\"390\" src=\"https:\/\/mairiedebonnat.portesdelacreuseenmarche.fr\/mairiedebonnat-2023\/wp-content\/uploads\/2026\/02\/bandeau_snu2025.jpg\" class=\"attachment-large size-large wp-image-28297\" alt=\"Bandeau snu2025\" srcset=\"https:\/\/mairiedebonnat.portesdelacreuseenmarche.fr\/mairiedebonnat-2023\/wp-content\/uploads\/2026\/02\/bandeau_snu2025.jpg 800w, https:\/\/mairiedebonnat.portesdelacreuseenmarche.fr\/mairiedebonnat-2023\/wp-content\/uploads\/2026\/02\/bandeau_snu2025-300x146.jpg 300w, https:\/\/mairiedebonnat.portesdelacreuseenmarche.fr\/mairiedebonnat-2023\/wp-content\/uploads\/2026\/02\/bandeau_snu2025-768x374.jpg 768w\" sizes=\"(max-width: 800px) 100vw, 800px\" \/>\t\t\t\t\t\t\t\t\t\t\t\t\t\t\t<\/div>\n\t\t\t\t<\/div>\n\t\t\t\t<div class=\"elementor-element elementor-element-a3ab9d2 elementor-widget elementor-widget-spacer\" data-id=\"a3ab9d2\" data-element_type=\"widget\" data-e-type=\"widget\" data-widget_type=\"spacer.default\">\n\t\t\t\t<div class=\"elementor-widget-container\">\n\t\t\t\t\t\t\t<div class=\"elementor-spacer\">\n\t\t\t<div class=\"elementor-spacer-inner\"><\/div>\n\t\t<\/div>\n\t\t\t\t\t\t<\/div>\n\t\t\t\t<\/div>\n\t\t\t\t\t<\/div>\n\t\t<\/div>\n\t\t\t\t\t<\/div>\n\t\t<\/section>\n\t\t\t\t<div class=\"elementor-element elementor-element-6a76b3c elementor-widget elementor-widget-text-editor\" data-id=\"6a76b3c\" data-element_type=\"widget\" data-e-type=\"widget\" data-widget_type=\"text-editor.default\">\n\t\t\t\t<div class=\"elementor-widget-container\">\n\t\t\t\t\t\t\t\t\t<h1><strong>En r\u00e9sum\u00e9<\/strong>\u00a0:\u00a0<strong>comment candidater ?<\/strong><\/h1><p><strong><span style=\"text-decoration: underline;\">En 2026<\/span> : <\/strong>Pour la premi\u00e8re cohorte du service national (rentr\u00e9e 2026), les jeunes pourront faire part de leur volontariat \u00e0 partir du 12 janvier 2026 jusqu\u2019en avril 2026.<\/p><p>Plusieurs voies seront ouvertes :<\/p><ul><li>Sur les sites de recrutement des arm\u00e9es \/\u00a0l\u2019arm\u00e9e de Terre,\u00a0la Marine nationale,\u00a0l\u2019arm\u00e9e\u00a0de l\u2019Air et de l\u2019Espace\u00a0;<\/li><li>Aupr\u00e8s d\u2019un\u00a0CIRFA\u00a0;<\/li><li>Via un num\u00e9ro d\u00e9di\u00e9\u00a0<strong>09 70 84 51 51\u00a0<\/strong>(num\u00e9ro d\u2019appel non surtax\u00e9) ;<\/li><li>A\u00a0la suite des informations transmises lors de la journ\u00e9e de d\u00e9fense citoyennet\u00e9, rebaptis\u00e9e journ\u00e9e de mobilisation \u00e0 partir de juillet<\/li><\/ul><p>Les cha\u00eenes de recrutement des arm\u00e9es assureront la s\u00e9lection et l\u2019orientation du candidat, en fonction de son profil, de ses comp\u00e9tences et des emplois disponibles. Une r\u00e9ponse sera apport\u00e9e au plus tard le 1er juillet 2026, afin de permettre au jeune de confirmer son choix ou de se r\u00e9orienter si n\u00e9cessaire.<\/p><p>Trois vagues d\u2019incorporations auront lieu entre septembre et novembre 2026.<\/p><p><span style=\"text-decoration: underline;\"><strong>\u00c0 partir de 2027<\/strong><\/span>\u00a0: le parcours de candidature \u00e9volue<\/p><p>\u00c0 partir de la cohorte 2027, la candidature au service national s\u2019inscrira dans un parcours r\u00e9nov\u00e9 autour de la journ\u00e9e de mobilisation (J-MOB) et de l\u2019application D\u00e9fense+ :<\/p><ul><li>Recensement \u00e0 16 ans (inchang\u00e9).<\/li><li>Convocation \u00e0 la journ\u00e9e de mobilisation en classe de premi\u00e8re. Lors de cette journ\u00e9e, les jeunes pourront exprimer leur int\u00e9r\u00eat pour le service national en compl\u00e9tant un questionnaire d\u00e9taill\u00e9 destin\u00e9 \u00e0 mieux identifier leurs comp\u00e9tences et app\u00e9tences.<\/li><li>Apr\u00e8s la journ\u00e9e, ils confirment leur candidature via l\u2019application D\u00e9fense+<\/li><li>Les arm\u00e9es conduisent alors la s\u00e9lection : entretien, visite m\u00e9dicale initiale (SSA) et contr\u00f4le de s\u00e9curit\u00e9 (DRSD).<\/li><li>Le jeune re\u00e7oit une r\u00e9ponse avant le 31 mars de l\u2019ann\u00e9e d\u2019incorporation.<\/li><li>Les jeunes Fran\u00e7ais \u00e9tablis \u00e0 l\u2019\u00e9tranger pourront \u00e9galement candidater selon des modalit\u00e9s adapt\u00e9es, pr\u00e9cis\u00e9es progressivement avec les services comp\u00e9tents.<\/li><\/ul><p>Page officielle du service national sur le site MINARM avec une FAQ cons\u00e9quente :<\/p><p><a href=\"https:\/\/urldefense.com\/v3\/__https:\/www.defense.gouv.fr\/nous-rejoindre\/service-national__;!!BnkV9pdh5V0!AyF9toSFXQycuoTaC-JftRqnVq3iPaNpf40RQZEwmewLWlsk1QXjuXU-GHFwYaehp_Jp_YxqShIPJ2E5A1PQpLcKGdzIfCfk4YKb$\"> https:\/\/www.defense.gouv.fr\/nous-rejoindre\/service-national<\/a><\/p><p><span style=\"text-decoration: underline;\"><strong>Documents utiles :<\/strong><\/span>\u00a0<\/p><blockquote><p><a href=\"https:\/\/mairiedebonnat.portesdelacreuseenmarche.fr\/mairiedebonnat-2023\/wp-content\/uploads\/2026\/02\/2-Infographie-SN-Le-parcours-du-candidat.pdf\">Le parcours du candidat\u00a0<\/a><\/p><p><a href=\"https:\/\/mairiedebonnat.portesdelacreuseenmarche.fr\/mairiedebonnat-2023\/wp-content\/uploads\/2026\/02\/3-Infographie-SN-Les-avantages-materiels.pdf\">Les avantages mat\u00e9riels<\/a><\/p><p><a href=\"https:\/\/mairiedebonnat.portesdelacreuseenmarche.fr\/mairiedebonnat-2023\/wp-content\/uploads\/2026\/02\/4-Infographie-SN-Proteger-Soutenir-Expertise.pdf\">Prot\u00e9ger, soutenir, expertise<\/a><\/p><p><a href=\"https:\/\/mairiedebonnat.portesdelacreuseenmarche.fr\/mairiedebonnat-2023\/wp-content\/uploads\/2026\/02\/5-DSNJ-Le-guide-du-Service-National.pdf\">Le guide du service national<\/a><\/p><p><a href=\"https:\/\/mairiedebonnat.portesdelacreuseenmarche.fr\/mairiedebonnat-2023\/wp-content\/uploads\/2026\/02\/6-Fiche-pour-savoir-la-difference-entre-SMV-et-SN.pdf\">Fiche pour savoir la diff\u00e9rence entre le service militaire volontaire et le service national\u00a0<\/a>\u00a0<\/p><\/blockquote><p>\u00a0<\/p>\t\t\t\t\t\t\t\t<\/div>\n\t\t\t\t<\/div>\n\t\t\t\t<div class=\"elementor-element elementor-element-b66feec elementor-widget elementor-widget-embedpress_pdf\" data-id=\"b66feec\" data-element_type=\"widget\" data-e-type=\"widget\" data-widget_type=\"embedpress_pdf.default\">\n\t\t\t\t<div class=\"elementor-widget-container\">\n\t\t\t\t\t    <div class=\"embedpress-document-embed ep-doc-27b79281c8a808c1ea1f514d280f6660 ose-document emebedpress-unit-percent \" data-thememode=\"default\" data-customcolor=\"\" data-toolbar=\"yes\" data-toolbar-position=\"top\" data-open=\"no\" data-presentation-mode=\"yes\" data-download=\"yes\" data-copy=\"yes\" data-add-image=\"yes\" data-rotate=\"yes\" data-details=\"yes\" data-id=\"embedpress-pdf-b66feec\" data-selection-tool=\"0\" data-scrolling=\"0\" data-spreads=\"-1\" style=\" max-width:100%; display: inline-block\">\n\n        \n                <div >\n\n                    <div id=\"ep-elementor-content-b66feec\" class=\"ep-elementor-content   ep-percentage-width   ep-content-protection-disabled\">\n                        <div id=\"b66feec\" class=\"ep-embed-content-wraper\">\n                            <div><iframe title=\"1-Le service National\" class=\"embedpress-embed-document-pdf embedpress-pdf-b66feec\" style=\"width: 600%!important;height: 950px;; max-width:100%; display: inline-block\" src=\"https:\/\/mairiedebonnat.portesdelacreuseenmarche.fr\/mairiedebonnat-2023\/wp-content\/plugins\/embedpress\/assets\/pdf\/web\/viewer.html?&#038;file=https%3A%2F%2Fmairiedebonnat.portesdelacreuseenmarche.fr%2Fmairiedebonnat-2023%2Fwp-content%2Fuploads%2F2026%2F02%2F1-Le-service-National.pdf&#038;scrolling=0&#038;selection_tool=0&#038;spreads=-1#key=dGhlbWVNb2RlPWRlZmF1bHQmdG9vbGJhcj10cnVlJnBvc2l0aW9uPXRvcCZwcmVzZW50YXRpb249dHJ1ZSZsYXp5TG9hZD1mYWxzZSZkb3dubG9hZD10cnVlJmNvcHlfdGV4dD10cnVlJmFkZF90ZXh0PXRydWUmZHJhdz10cnVlJmFkZF9pbWFnZT10cnVlJnBkZl9yb3RhdGlvbj10cnVlJnBkZl9kZXRhaWxzPXRydWUmem9vbV9pbj10cnVlJnpvb21fb3V0PXRydWUmZml0X3ZpZXc9dHJ1ZSZib29rbWFyaz10cnVlJnNvdW5kPXRydWUmZmxpcGJvb2tfdG9vbGJhcl9wb3NpdGlvbj1ib3R0b20mZmxpcGJvb2tfcnRsPWZhbHNlJmZsaXBib29rX2hpZ2hsaWdodF9saW5rcz1mYWxzZSZmbGlwYm9va19oaWdobGlnaHRfY29sb3I9cmdiYSUyODI1NSUyQysyNTUlMkMrMCUyQyswLjElMjkmc2VsZWN0aW9uX3Rvb2w9MCZzY3JvbGxpbmc9MCZzcHJlYWRzPS0xJmlzX3Byb19hY3RpdmU9MCZwYWdlTnVtYmVyPTEmd2F0ZXJtYXJrX3RleHQ9JndhdGVybWFya19mb250X3NpemU9NDgmd2F0ZXJtYXJrX2NvbG9yPSUyMzAwMDAwMCZ3YXRlcm1hcmtfb3BhY2l0eT0xNSZ3YXRlcm1hcmtfc3R5bGU9Y2VudGVy&#038;zoom=auto\" class=\"embedpress-embed-document-pdf embedpress-pdf-b66feec\" data-emid=\"embedpress-pdf-b66feec\" data-embed-type=\"PDF\" data-ep-views=\"off\" data-ep-downloads=\"off\" frameborder=\"0\"><\/iframe><\/div>                        <\/div>\n\n                    <\/div>\n\n\n                   \n                <\/div>\n            \n    <\/div>\n\n\t\t\t\t<\/div>\n\t\t\t\t<\/div>\n\t\t\t\t<section class=\"elementor-section elementor-inner-section elementor-element elementor-element-c331e11 elementor-section-boxed elementor-section-height-default elementor-section-height-default\" data-id=\"c331e11\" data-element_type=\"section\" data-e-type=\"section\">\n\t\t\t\t\t\t<div class=\"elementor-container elementor-column-gap-default\">\n\t\t\t\t\t<div class=\"elementor-column elementor-col-100 elementor-inner-column elementor-element elementor-element-297a1ce\" data-id=\"297a1ce\" data-element_type=\"column\" data-e-type=\"column\">\n\t\t\t<div class=\"elementor-widget-wrap elementor-element-populated\">\n\t\t\t\t\t\t<div class=\"elementor-element elementor-element-e8688f5 elementor-widget elementor-widget-spacer\" data-id=\"e8688f5\" data-element_type=\"widget\" data-e-type=\"widget\" data-widget_type=\"spacer.default\">\n\t\t\t\t<div class=\"elementor-widget-container\">\n\t\t\t\t\t\t\t<div class=\"elementor-spacer\">\n\t\t\t<div class=\"elementor-spacer-inner\"><\/div>\n\t\t<\/div>\n\t\t\t\t\t\t<\/div>\n\t\t\t\t<\/div>\n\t\t\t\t\t<\/div>\n\t\t<\/div>\n\t\t\t\t\t<\/div>\n\t\t<\/section>\n\t\t\t\t\t<\/div>\n\t\t<\/div>\n\t\t\t\t<div class=\"elementor-column elementor-col-50 elementor-top-column elementor-element elementor-element-572972a\" data-id=\"572972a\" data-element_type=\"column\" data-e-type=\"column\">\n\t\t\t<div class=\"elementor-widget-wrap\">\n\t\t\t\t\t\t\t<\/div>\n\t\t<\/div>\n\t\t\t\t\t<\/div>\n\t\t<\/section>\n\t\t\t\t<section class=\"elementor-section elementor-top-section elementor-element elementor-element-6f78aa4 elementor-section-boxed elementor-section-height-default elementor-section-height-default\" data-id=\"6f78aa4\" data-element_type=\"section\" data-e-type=\"section\">\n\t\t\t\t\t\t<div class=\"elementor-container elementor-column-gap-default\">\n\t\t\t\t\t<div class=\"elementor-column elementor-col-100 elementor-top-column elementor-element elementor-element-1b98d7f\" data-id=\"1b98d7f\" data-element_type=\"column\" data-e-type=\"column\">\n\t\t\t<div class=\"elementor-widget-wrap elementor-element-populated\">\n\t\t\t\t\t\t<div class=\"elementor-element elementor-element-07dde71 elementor-widget elementor-widget-spacer\" data-id=\"07dde71\" data-element_type=\"widget\" data-e-type=\"widget\" data-widget_type=\"spacer.default\">\n\t\t\t\t<div class=\"elementor-widget-container\">\n\t\t\t\t\t\t\t<div class=\"elementor-spacer\">\n\t\t\t<div class=\"elementor-spacer-inner\"><\/div>\n\t\t<\/div>\n\t\t\t\t\t\t<\/div>\n\t\t\t\t<\/div>\n\t\t\t\t\t<\/div>\n\t\t<\/div>\n\t\t\t\t\t<\/div>\n\t\t<\/section>\n\t\t\t\t<\/div>\n\t\t","protected":false},"excerpt":{"rendered":"<p>\u00c0 LA UNE ! \u2a20 Campagne de recrutement du Service National En r\u00e9sum\u00e9\u00a0:\u00a0comment candidater ? En 2026 : Pour la premi\u00e8re cohorte du service national (rentr\u00e9e 2026), les jeunes pourront faire part de leur volontariat \u00e0 partir du 12 janvier 2026 jusqu\u2019en avril 2026. Plusieurs voies seront ouvertes : Sur les sites de recrutement des&#8230;<\/p>\n","protected":false},"author":1,"featured_media":28297,"comment_status":"closed","ping_status":"open","sticky":false,"template":"","format":"standard","meta":{"_thinkrank_schema_form_data":"","_thinkrank_selected_schema_type":"","_thinkrank_additional_schemas":"","_thinkrank_canonical_url":"","_thinkrank_og_title":"","_thinkrank_og_description":"","_thinkrank_og_image":"","_thinkrank_twitter_title":"","_thinkrank_twitter_description":"","_thinkrank_twitter_image":"","_thinkrank_imported_from":"","_thinkrank_focus_keywords":[],"_thinkrank_focus_keyword":"","_thinkrank_robots_meta_enabled":0,"_thinkrank_robots_meta":"","_thinkrank_advanced_robots_meta":"","_thinkrank_primary_category":0,"_kad_post_transparent":"default","_kad_post_title":"default","_kad_post_layout":"default","_kad_post_sidebar_id":"","_kad_post_content_style":"default","_kad_post_vertical_padding":"default","_kad_post_feature":"","_kad_post_feature_position":"","_kad_post_header":false,"_kad_post_footer":false,"slim_seo":{"title":"Campagne de recrutement du Service National - Commune de Bonnat","description":"\u00c0 LA UNE ! \u2a20 Campagne de recrutement du Service National En r\u00e9sum\u00e9 \u00a0:\u00a0 comment candidater ? En 2026 : Pour la premi\u00e8re cohorte du service national (rentr\u00e9e 2026"},"_slim_seo_primary_term_category":0,"_slim_seo_primary_term_post_tag":0,"footnotes":""},"categories":[1],"tags":[25],"class_list":["post-28288","post","type-post","status-publish","format-standard","has-post-thumbnail","hentry","category-non-classe","tag-bonnat"],"_links":{"self":[{"href":"https:\/\/mairiedebonnat.portesdelacreuseenmarche.fr\/mairiedebonnat-2023\/wp-json\/wp\/v2\/posts\/28288","targetHints":{"allow":["GET"]}}],"collection":[{"href":"https:\/\/mairiedebonnat.portesdelacreuseenmarche.fr\/mairiedebonnat-2023\/wp-json\/wp\/v2\/posts"}],"about":[{"href":"https:\/\/mairiedebonnat.portesdelacreuseenmarche.fr\/mairiedebonnat-2023\/wp-json\/wp\/v2\/types\/post"}],"author":[{"embeddable":true,"href":"https:\/\/mairiedebonnat.portesdelacreuseenmarche.fr\/mairiedebonnat-2023\/wp-json\/wp\/v2\/users\/1"}],"replies":[{"embeddable":true,"href":"https:\/\/mairiedebonnat.portesdelacreuseenmarche.fr\/mairiedebonnat-2023\/wp-json\/wp\/v2\/comments?post=28288"}],"version-history":[{"count":5,"href":"https:\/\/mairiedebonnat.portesdelacreuseenmarche.fr\/mairiedebonnat-2023\/wp-json\/wp\/v2\/posts\/28288\/revisions"}],"predecessor-version":[{"id":28300,"href":"https:\/\/mairiedebonnat.portesdelacreuseenmarche.fr\/mairiedebonnat-2023\/wp-json\/wp\/v2\/posts\/28288\/revisions\/28300"}],"wp:featuredmedia":[{"embeddable":true,"href":"https:\/\/mairiedebonnat.portesdelacreuseenmarche.fr\/mairiedebonnat-2023\/wp-json\/wp\/v2\/media\/28297"}],"wp:attachment":[{"href":"https:\/\/mairiedebonnat.portesdelacreuseenmarche.fr\/mairiedebonnat-2023\/wp-json\/wp\/v2\/media?parent=28288"}],"wp:term":[{"taxonomy":"category","embeddable":true,"href":"https:\/\/mairiedebonnat.portesdelacreuseenmarche.fr\/mairiedebonnat-2023\/wp-json\/wp\/v2\/categories?post=28288"},{"taxonomy":"post_tag","embeddable":true,"href":"https:\/\/mairiedebonnat.portesdelacreuseenmarche.fr\/mairiedebonnat-2023\/wp-json\/wp\/v2\/tags?post=28288"}],"curies":[{"name":"wp","href":"https:\/\/api.w.org\/{rel}","templated":true}]}}