{"id":27269,"date":"2025-10-21T12:16:45","date_gmt":"2025-10-21T10:16:45","guid":{"rendered":"https:\/\/mairiedebonnat.portesdelacreuseenmarche.fr\/mairiedebonnat-2023\/?p=27269"},"modified":"2025-10-21T12:19:25","modified_gmt":"2025-10-21T10:19:25","slug":"arrete-portant-reglementation-de-la-circulation-sur-la-route-departementale-n40-du-pr-69493-au-pr-70130-sur-le-territoire-de-la-commune-de-bonnat","status":"publish","type":"post","link":"https:\/\/mairiedebonnat.portesdelacreuseenmarche.fr\/mairiedebonnat-2023\/arrete-portant-reglementation-de-la-circulation-sur-la-route-departementale-n40-du-pr-69493-au-pr-70130-sur-le-territoire-de-la-commune-de-bonnat\/","title":{"rendered":"Arr\u00eat\u00e9 portant r\u00e8glementation de la circulation sur la Route D\u00e9partementale n\u00b040 du PR 69+493 au PR 70+130 sur le territoire de la Commune de Bonnat"},"content":{"rendered":"\t\t<div data-elementor-type=\"wp-page\" data-elementor-id=\"27269\" class=\"elementor elementor-27269\">\n\t\t\t\t\t\t<section class=\"elementor-section elementor-top-section elementor-element elementor-element-4735786 elementor-section-boxed elementor-section-height-default elementor-section-height-default\" data-id=\"4735786\" data-element_type=\"section\" data-e-type=\"section\">\n\t\t\t\t\t\t<div class=\"elementor-container elementor-column-gap-no\">\n\t\t\t\t\t<div class=\"elementor-column elementor-col-50 elementor-top-column elementor-element elementor-element-4b136db\" data-id=\"4b136db\" data-element_type=\"column\" data-e-type=\"column\">\n\t\t\t<div class=\"elementor-widget-wrap elementor-element-populated\">\n\t\t\t\t\t\t<div class=\"elementor-element elementor-element-e746ac0 elementor-widget elementor-widget-spacer\" data-id=\"e746ac0\" data-element_type=\"widget\" data-e-type=\"widget\" data-widget_type=\"spacer.default\">\n\t\t\t\t<div class=\"elementor-widget-container\">\n\t\t\t\t\t\t\t<div class=\"elementor-spacer\">\n\t\t\t<div class=\"elementor-spacer-inner\"><\/div>\n\t\t<\/div>\n\t\t\t\t\t\t<\/div>\n\t\t\t\t<\/div>\n\t\t\t\t<div class=\"elementor-element elementor-element-194fc88 elementor-widget elementor-widget-spacer\" data-id=\"194fc88\" data-element_type=\"widget\" data-e-type=\"widget\" data-widget_type=\"spacer.default\">\n\t\t\t\t<div class=\"elementor-widget-container\">\n\t\t\t\t\t\t\t<div class=\"elementor-spacer\">\n\t\t\t<div class=\"elementor-spacer-inner\"><\/div>\n\t\t<\/div>\n\t\t\t\t\t\t<\/div>\n\t\t\t\t<\/div>\n\t\t\t\t\t<\/div>\n\t\t<\/div>\n\t\t\t\t<div class=\"elementor-column elementor-col-50 elementor-top-column elementor-element elementor-element-1d98dfc\" data-id=\"1d98dfc\" data-element_type=\"column\" data-e-type=\"column\" data-settings=\"{&quot;background_background&quot;:&quot;gradient&quot;}\">\n\t\t\t<div class=\"elementor-widget-wrap elementor-element-populated\">\n\t\t\t\t\t\t<div class=\"elementor-element elementor-element-761a5c9 elementor-widget elementor-widget-spacer\" data-id=\"761a5c9\" data-element_type=\"widget\" data-e-type=\"widget\" data-widget_type=\"spacer.default\">\n\t\t\t\t<div class=\"elementor-widget-container\">\n\t\t\t\t\t\t\t<div class=\"elementor-spacer\">\n\t\t\t<div class=\"elementor-spacer-inner\"><\/div>\n\t\t<\/div>\n\t\t\t\t\t\t<\/div>\n\t\t\t\t<\/div>\n\t\t\t\t\t<\/div>\n\t\t<\/div>\n\t\t\t\t\t<\/div>\n\t\t<\/section>\n\t\t\t\t<section class=\"elementor-section elementor-top-section elementor-element elementor-element-a62b115 elementor-section-boxed elementor-section-height-default elementor-section-height-default\" data-id=\"a62b115\" data-element_type=\"section\" data-e-type=\"section\">\n\t\t\t\t\t\t<div class=\"elementor-container elementor-column-gap-no\">\n\t\t\t\t\t<div class=\"elementor-column elementor-col-50 elementor-top-column elementor-element elementor-element-9958264\" data-id=\"9958264\" data-element_type=\"column\" data-e-type=\"column\">\n\t\t\t<div class=\"elementor-widget-wrap elementor-element-populated\">\n\t\t\t\t\t\t<section class=\"elementor-section elementor-inner-section elementor-element elementor-element-313b933 elementor-section-boxed elementor-section-height-default elementor-section-height-default\" data-id=\"313b933\" data-element_type=\"section\" data-e-type=\"section\">\n\t\t\t\t\t\t<div class=\"elementor-container elementor-column-gap-default\">\n\t\t\t\t\t<div class=\"elementor-column elementor-col-50 elementor-inner-column elementor-element elementor-element-5f7efcd\" data-id=\"5f7efcd\" data-element_type=\"column\" data-e-type=\"column\">\n\t\t\t<div class=\"elementor-widget-wrap elementor-element-populated\">\n\t\t\t\t\t\t<div class=\"elementor-element elementor-element-2b29ca9 elementor-widget elementor-widget-text-editor\" data-id=\"2b29ca9\" data-element_type=\"widget\" data-e-type=\"widget\" data-widget_type=\"text-editor.default\">\n\t\t\t\t<div class=\"elementor-widget-container\">\n\t\t\t\t\t\t\t\t\t<h1><a href=\"https:\/\/mairiedebonnat.portesdelacreuseenmarche.fr\/mairiedebonnat-2023\/\">\u00c0 LA UNE ! \u2a20<\/a> Arr\u00eat\u00e9 portant r\u00e8glementation de la circulation sur la Route D\u00e9partementale n\u00b040 du PR 69+493 au PR 70+130 sur le territoire de la Commune de Bonnat<\/h1>\t\t\t\t\t\t\t\t<\/div>\n\t\t\t\t<\/div>\n\t\t\t\t<div class=\"elementor-element elementor-element-7157ed2 elementor-widget-divider--view-line elementor-widget elementor-widget-divider\" data-id=\"7157ed2\" data-element_type=\"widget\" data-e-type=\"widget\" data-widget_type=\"divider.default\">\n\t\t\t\t<div class=\"elementor-widget-container\">\n\t\t\t\t\t\t\t<div class=\"elementor-divider\">\n\t\t\t<span class=\"elementor-divider-separator\">\n\t\t\t\t\t\t<\/span>\n\t\t<\/div>\n\t\t\t\t\t\t<\/div>\n\t\t\t\t<\/div>\n\t\t\t\t<div class=\"elementor-element elementor-element-c35e0fe elementor-widget elementor-widget-spacer\" data-id=\"c35e0fe\" data-element_type=\"widget\" data-e-type=\"widget\" data-widget_type=\"spacer.default\">\n\t\t\t\t<div class=\"elementor-widget-container\">\n\t\t\t\t\t\t\t<div class=\"elementor-spacer\">\n\t\t\t<div class=\"elementor-spacer-inner\"><\/div>\n\t\t<\/div>\n\t\t\t\t\t\t<\/div>\n\t\t\t\t<\/div>\n\t\t\t\t\t<\/div>\n\t\t<\/div>\n\t\t\t\t<div class=\"elementor-column elementor-col-50 elementor-inner-column elementor-element elementor-element-5f95ccc\" data-id=\"5f95ccc\" data-element_type=\"column\" data-e-type=\"column\">\n\t\t\t<div class=\"elementor-widget-wrap\">\n\t\t\t\t\t\t\t<\/div>\n\t\t<\/div>\n\t\t\t\t\t<\/div>\n\t\t<\/section>\n\t\t\t\t<section class=\"elementor-section elementor-inner-section elementor-element elementor-element-3fe121b elementor-section-boxed elementor-section-height-default elementor-section-height-default\" data-id=\"3fe121b\" data-element_type=\"section\" data-e-type=\"section\">\n\t\t\t\t\t\t<div class=\"elementor-container elementor-column-gap-default\">\n\t\t\t\t\t<div class=\"elementor-column elementor-col-25 elementor-inner-column elementor-element elementor-element-dae1fba\" data-id=\"dae1fba\" data-element_type=\"column\" data-e-type=\"column\" data-settings=\"{&quot;background_background&quot;:&quot;gradient&quot;}\">\n\t\t\t<div class=\"elementor-widget-wrap elementor-element-populated\">\n\t\t\t\t\t\t<div class=\"elementor-element elementor-element-e1dcded elementor-widget elementor-widget-image\" data-id=\"e1dcded\" data-element_type=\"widget\" data-e-type=\"widget\" data-widget_type=\"image.default\">\n\t\t\t\t<div class=\"elementor-widget-container\">\n\t\t\t\t\t\t\t\t\t\t\t\t\t\t\t<img fetchpriority=\"high\" decoding=\"async\" width=\"1024\" height=\"576\" src=\"https:\/\/mairiedebonnat.portesdelacreuseenmarche.fr\/mairiedebonnat-2023\/wp-content\/uploads\/2024\/07\/Copie-de-Reglementation-Mise-en-Securite-1024x576.jpg\" class=\"attachment-large size-large wp-image-21066\" alt=\"Copie De R\u00e9glementation Mise En S\u00e9curit\u00e9\" srcset=\"https:\/\/mairiedebonnat.portesdelacreuseenmarche.fr\/mairiedebonnat-2023\/wp-content\/uploads\/2024\/07\/Copie-de-Reglementation-Mise-en-Securite-1024x576.jpg 1024w, https:\/\/mairiedebonnat.portesdelacreuseenmarche.fr\/mairiedebonnat-2023\/wp-content\/uploads\/2024\/07\/Copie-de-Reglementation-Mise-en-Securite-300x169.jpg 300w, https:\/\/mairiedebonnat.portesdelacreuseenmarche.fr\/mairiedebonnat-2023\/wp-content\/uploads\/2024\/07\/Copie-de-Reglementation-Mise-en-Securite-768x432.jpg 768w, https:\/\/mairiedebonnat.portesdelacreuseenmarche.fr\/mairiedebonnat-2023\/wp-content\/uploads\/2024\/07\/Copie-de-Reglementation-Mise-en-Securite-1536x864.jpg 1536w, https:\/\/mairiedebonnat.portesdelacreuseenmarche.fr\/mairiedebonnat-2023\/wp-content\/uploads\/2024\/07\/Copie-de-Reglementation-Mise-en-Securite.jpg 1920w\" sizes=\"(max-width: 1024px) 100vw, 1024px\" \/>\t\t\t\t\t\t\t\t\t\t\t\t\t\t\t<\/div>\n\t\t\t\t<\/div>\n\t\t\t\t\t<\/div>\n\t\t<\/div>\n\t\t\t\t<div class=\"elementor-column elementor-col-25 elementor-inner-column elementor-element elementor-element-da8dfd7\" data-id=\"da8dfd7\" data-element_type=\"column\" data-e-type=\"column\" data-settings=\"{&quot;background_background&quot;:&quot;gradient&quot;}\">\n\t\t\t<div class=\"elementor-widget-wrap elementor-element-populated\">\n\t\t\t\t\t\t<div class=\"elementor-element elementor-element-9aacbf2 elementor-widget elementor-widget-spacer\" data-id=\"9aacbf2\" data-element_type=\"widget\" data-e-type=\"widget\" data-widget_type=\"spacer.default\">\n\t\t\t\t<div class=\"elementor-widget-container\">\n\t\t\t\t\t\t\t<div class=\"elementor-spacer\">\n\t\t\t<div class=\"elementor-spacer-inner\"><\/div>\n\t\t<\/div>\n\t\t\t\t\t\t<\/div>\n\t\t\t\t<\/div>\n\t\t\t\t<div class=\"elementor-element elementor-element-22746be elementor-widget elementor-widget-text-editor\" data-id=\"22746be\" data-element_type=\"widget\" data-e-type=\"widget\" data-widget_type=\"text-editor.default\">\n\t\t\t\t<div class=\"elementor-widget-container\">\n\t\t\t\t\t\t\t\t\t<p><strong>En raison de travaux sur la RD 40,<br \/>sur la commune de BONNAT,<br \/>une d\u00e9viation est mise en place du :<br \/>&#8211; mardi 21 au vendredi 24 octobre pendant une journ\u00e9e<\/strong><\/p>\t\t\t\t\t\t\t\t<\/div>\n\t\t\t\t<\/div>\n\t\t\t\t<div class=\"elementor-element elementor-element-b2681de elementor-widget elementor-widget-spacer\" data-id=\"b2681de\" data-element_type=\"widget\" data-e-type=\"widget\" data-widget_type=\"spacer.default\">\n\t\t\t\t<div class=\"elementor-widget-container\">\n\t\t\t\t\t\t\t<div class=\"elementor-spacer\">\n\t\t\t<div class=\"elementor-spacer-inner\"><\/div>\n\t\t<\/div>\n\t\t\t\t\t\t<\/div>\n\t\t\t\t<\/div>\n\t\t\t\t<div class=\"elementor-element elementor-element-76f19d7 elementor-widget elementor-widget-text-editor\" data-id=\"76f19d7\" data-element_type=\"widget\" data-e-type=\"widget\" data-widget_type=\"text-editor.default\">\n\t\t\t\t<div class=\"elementor-widget-container\">\n\t\t\t\t\t\t\t\t\t<p><em>Cliquez sur l&rsquo;image pour agrandir le plan de D\u00e9viation \u27a1\ufe0f<\/em><strong><br \/><\/strong><\/p>\t\t\t\t\t\t\t\t<\/div>\n\t\t\t\t<\/div>\n\t\t\t\t\t<\/div>\n\t\t<\/div>\n\t\t\t\t<div class=\"elementor-column elementor-col-25 elementor-inner-column elementor-element elementor-element-ba4fa37\" data-id=\"ba4fa37\" data-element_type=\"column\" data-e-type=\"column\" data-settings=\"{&quot;background_background&quot;:&quot;gradient&quot;}\">\n\t\t\t<div class=\"elementor-widget-wrap elementor-element-populated\">\n\t\t\t\t\t\t<div class=\"elementor-element elementor-element-4c6a184 elementor-widget elementor-widget-image\" data-id=\"4c6a184\" data-element_type=\"widget\" data-e-type=\"widget\" data-widget_type=\"image.default\">\n\t\t\t\t<div class=\"elementor-widget-container\">\n\t\t\t\t\t\t\t\t\t\t\t\t\t\t\t\t<a href=\"https:\/\/mairiedebonnat.portesdelacreuseenmarche.fr\/mairiedebonnat-2023\/wp-content\/uploads\/2025\/10\/597-RD-40-Le-Monteil-BONNAT-taillage-haie-au-lamier-signe_00005-rotated.jpg\" data-elementor-open-lightbox=\"yes\" data-elementor-lightbox-title=\"597 RD 40 Le Monteil BONNAT taillage haie au lamier sign\u00e9_00005\" data-e-action-hash=\"#elementor-action%3Aaction%3Dlightbox%26settings%3DeyJpZCI6MjcyNzIsInVybCI6Imh0dHBzOlwvXC9tYWlyaWVkZWJvbm5hdC5wb3J0ZXNkZWxhY3JldXNlZW5tYXJjaGUuZnJcL21haXJpZWRlYm9ubmF0LTIwMjNcL3dwLWNvbnRlbnRcL3VwbG9hZHNcLzIwMjVcLzEwXC81OTctUkQtNDAtTGUtTW9udGVpbC1CT05OQVQtdGFpbGxhZ2UtaGFpZS1hdS1sYW1pZXItc2lnbmVfMDAwMDUtcm90YXRlZC5qcGcifQ%3D%3D\">\n\t\t\t\t\t\t\t<img decoding=\"async\" width=\"1024\" height=\"724\" src=\"https:\/\/mairiedebonnat.portesdelacreuseenmarche.fr\/mairiedebonnat-2023\/wp-content\/uploads\/2025\/10\/597-RD-40-Le-Monteil-BONNAT-taillage-haie-au-lamier-signe_00005-1024x724.jpg\" class=\"attachment-large size-large wp-image-27272\" alt=\"597 rd 40 le monteil bonnat taillage haie au lamier sign\u00e9 00005\" srcset=\"https:\/\/mairiedebonnat.portesdelacreuseenmarche.fr\/mairiedebonnat-2023\/wp-content\/uploads\/2025\/10\/597-RD-40-Le-Monteil-BONNAT-taillage-haie-au-lamier-signe_00005-1024x724.jpg 1024w, https:\/\/mairiedebonnat.portesdelacreuseenmarche.fr\/mairiedebonnat-2023\/wp-content\/uploads\/2025\/10\/597-RD-40-Le-Monteil-BONNAT-taillage-haie-au-lamier-signe_00005-300x212.jpg 300w, https:\/\/mairiedebonnat.portesdelacreuseenmarche.fr\/mairiedebonnat-2023\/wp-content\/uploads\/2025\/10\/597-RD-40-Le-Monteil-BONNAT-taillage-haie-au-lamier-signe_00005-768x543.jpg 768w, https:\/\/mairiedebonnat.portesdelacreuseenmarche.fr\/mairiedebonnat-2023\/wp-content\/uploads\/2025\/10\/597-RD-40-Le-Monteil-BONNAT-taillage-haie-au-lamier-signe_00005-1536x1086.jpg 1536w, https:\/\/mairiedebonnat.portesdelacreuseenmarche.fr\/mairiedebonnat-2023\/wp-content\/uploads\/2025\/10\/597-RD-40-Le-Monteil-BONNAT-taillage-haie-au-lamier-signe_00005-2048x1448.jpg 2048w\" sizes=\"(max-width: 1024px) 100vw, 1024px\" \/>\t\t\t\t\t\t\t\t<\/a>\n\t\t\t\t\t\t\t\t\t\t\t\t\t\t\t<\/div>\n\t\t\t\t<\/div>\n\t\t\t\t\t<\/div>\n\t\t<\/div>\n\t\t\t\t<div class=\"elementor-column elementor-col-25 elementor-inner-column elementor-element elementor-element-cb72387\" data-id=\"cb72387\" data-element_type=\"column\" data-e-type=\"column\">\n\t\t\t<div class=\"elementor-widget-wrap\">\n\t\t\t\t\t\t\t<\/div>\n\t\t<\/div>\n\t\t\t\t\t<\/div>\n\t\t<\/section>\n\t\t\t\t<div class=\"elementor-element elementor-element-597e39c elementor-widget elementor-widget-spacer\" data-id=\"597e39c\" data-element_type=\"widget\" data-e-type=\"widget\" data-widget_type=\"spacer.default\">\n\t\t\t\t<div class=\"elementor-widget-container\">\n\t\t\t\t\t\t\t<div class=\"elementor-spacer\">\n\t\t\t<div class=\"elementor-spacer-inner\"><\/div>\n\t\t<\/div>\n\t\t\t\t\t\t<\/div>\n\t\t\t\t<\/div>\n\t\t\t\t<section class=\"elementor-section elementor-inner-section elementor-element elementor-element-723a300 elementor-section-boxed elementor-section-height-default elementor-section-height-default\" data-id=\"723a300\" data-element_type=\"section\" data-e-type=\"section\">\n\t\t\t\t\t\t<div class=\"elementor-container elementor-column-gap-default\">\n\t\t\t\t\t<div class=\"elementor-column elementor-col-50 elementor-inner-column elementor-element elementor-element-0bd4ac9\" data-id=\"0bd4ac9\" data-element_type=\"column\" data-e-type=\"column\" data-settings=\"{&quot;background_background&quot;:&quot;gradient&quot;}\">\n\t\t\t<div class=\"elementor-widget-wrap elementor-element-populated\">\n\t\t\t\t\t\t<div class=\"elementor-element elementor-element-3b689ea elementor-align-center elementor-widget elementor-widget-embedpress_pdf\" data-id=\"3b689ea\" data-element_type=\"widget\" data-e-type=\"widget\" data-widget_type=\"embedpress_pdf.default\">\n\t\t\t\t<div class=\"elementor-widget-container\">\n\t\t\t\t\t    <div class=\"embedpress-document-embed ep-doc-457f662b23347c916829f774acaa8d5a ose-document emebedpress-unit-percent \" data-thememode=\"default\" data-customcolor=\"\" data-toolbar=\"yes\" data-toolbar-position=\"top\" data-open=\"no\" data-presentation-mode=\"yes\" data-download=\"yes\" data-copy=\"yes\" data-add-image=\"yes\" data-rotate=\"yes\" data-details=\"yes\" data-id=\"embedpress-pdf-3b689ea\" data-selection-tool=\"0\" data-scrolling=\"0\" data-spreads=\"-1\" style=\" max-width:100%; display: inline-block\">\n\n        \n                <div >\n\n                    <div id=\"ep-elementor-content-3b689ea\" class=\"ep-elementor-content   ep-percentage-width   ep-content-protection-disabled\">\n                        <div id=\"3b689ea\" class=\"ep-embed-content-wraper\">\n                            <div><iframe title=\"597 RD 40 Le Monteil BONNAT taillage haie au lamier sign\u00e9\" class=\"embedpress-embed-document-pdf embedpress-pdf-3b689ea\" style=\"width: 80%!important;height: 850px;; max-width:100%; display: inline-block\" src=\"https:\/\/mairiedebonnat.portesdelacreuseenmarche.fr\/mairiedebonnat-2023\/wp-admin\/admin-ajax.php?action=get_viewer&#038;file=https%3A%2F%2Fmairiedebonnat.portesdelacreuseenmarche.fr%2Fmairiedebonnat-2023%2Fwp-content%2Fuploads%2F2025%2F10%2F597-RD-40-Le-Monteil-BONNAT-taillage-haie-au-lamier-signe.pdf&#038;scrolling=0&#038;selection_tool=0&#038;spreads=-1#key=dGhlbWVNb2RlPWRlZmF1bHQmdG9vbGJhcj10cnVlJnBvc2l0aW9uPXRvcCZwcmVzZW50YXRpb249dHJ1ZSZsYXp5TG9hZD1mYWxzZSZkb3dubG9hZD10cnVlJmNvcHlfdGV4dD10cnVlJmFkZF90ZXh0PXRydWUmZHJhdz10cnVlJmFkZF9pbWFnZT10cnVlJnBkZl9yb3RhdGlvbj10cnVlJnBkZl9kZXRhaWxzPXRydWUmem9vbV9pbj10cnVlJnpvb21fb3V0PXRydWUmZml0X3ZpZXc9dHJ1ZSZib29rbWFyaz10cnVlJnNvdW5kPXRydWUmZmxpcGJvb2tfdG9vbGJhcl9wb3NpdGlvbj1ib3R0b20mc2VsZWN0aW9uX3Rvb2w9MCZzY3JvbGxpbmc9MCZzcHJlYWRzPS0xJmlzX3Byb19hY3RpdmU9MCZwYWdlTnVtYmVyPTEmd2F0ZXJtYXJrX3RleHQ9JndhdGVybWFya19mb250X3NpemU9NDgmd2F0ZXJtYXJrX2NvbG9yPSUyMzAwMDAwMCZ3YXRlcm1hcmtfb3BhY2l0eT0xNSZ3YXRlcm1hcmtfc3R5bGU9Y2VudGVy&#038;zoom=auto\" class=\"embedpress-embed-document-pdf embedpress-pdf-3b689ea\" data-emid=\"embedpress-pdf-3b689ea\" data-embed-type=\"PDF\" frameborder=\"0\"><\/iframe><\/div>                        <\/div>\n\n                    <\/div>\n\n\n                   \n                <\/div>\n            \n    <\/div>\n\n\t\t\t\t<\/div>\n\t\t\t\t<\/div>\n\t\t\t\t\t<\/div>\n\t\t<\/div>\n\t\t\t\t<div class=\"elementor-column elementor-col-50 elementor-inner-column elementor-element elementor-element-9f30c26\" data-id=\"9f30c26\" data-element_type=\"column\" data-e-type=\"column\">\n\t\t\t<div class=\"elementor-widget-wrap\">\n\t\t\t\t\t\t\t<\/div>\n\t\t<\/div>\n\t\t\t\t\t<\/div>\n\t\t<\/section>\n\t\t\t\t<div class=\"elementor-element elementor-element-0aefad7 elementor-widget elementor-widget-spacer\" data-id=\"0aefad7\" data-element_type=\"widget\" data-e-type=\"widget\" data-widget_type=\"spacer.default\">\n\t\t\t\t<div class=\"elementor-widget-container\">\n\t\t\t\t\t\t\t<div class=\"elementor-spacer\">\n\t\t\t<div class=\"elementor-spacer-inner\"><\/div>\n\t\t<\/div>\n\t\t\t\t\t\t<\/div>\n\t\t\t\t<\/div>\n\t\t\t\t\t<\/div>\n\t\t<\/div>\n\t\t\t\t<div class=\"elementor-column elementor-col-50 elementor-top-column elementor-element elementor-element-725a44d\" data-id=\"725a44d\" data-element_type=\"column\" data-e-type=\"column\" data-settings=\"{&quot;background_background&quot;:&quot;gradient&quot;}\">\n\t\t\t<div class=\"elementor-widget-wrap elementor-element-populated\">\n\t\t\t\t\t\t<div class=\"elementor-element elementor-element-791477a elementor-widget elementor-widget-image\" data-id=\"791477a\" data-element_type=\"widget\" data-e-type=\"widget\" data-widget_type=\"image.default\">\n\t\t\t\t<div class=\"elementor-widget-container\">\n\t\t\t\t\t\t\t\t\t\t\t\t\t\t\t\t<a href=\"http:\/\/mairiedebonnat.portesdelacreuseenmarche.fr\/mairiedebonnat-2023\/agenda-sorties\/\">\n\t\t\t\t\t\t\t<img decoding=\"async\" width=\"600\" height=\"200\" src=\"https:\/\/mairiedebonnat.portesdelacreuseenmarche.fr\/mairiedebonnat-2023\/wp-content\/uploads\/2023\/03\/Sidebar-Agenda-1.png\" class=\"elementor-animation-shrink attachment-large size-large wp-image-1188\" alt=\"Sidebar Agenda\" srcset=\"https:\/\/mairiedebonnat.portesdelacreuseenmarche.fr\/mairiedebonnat-2023\/wp-content\/uploads\/2023\/03\/Sidebar-Agenda-1.png 600w, https:\/\/mairiedebonnat.portesdelacreuseenmarche.fr\/mairiedebonnat-2023\/wp-content\/uploads\/2023\/03\/Sidebar-Agenda-1-300x100.png 300w\" sizes=\"(max-width: 600px) 100vw, 600px\" \/>\t\t\t\t\t\t\t\t<\/a>\n\t\t\t\t\t\t\t\t\t\t\t\t\t\t\t<\/div>\n\t\t\t\t<\/div>\n\t\t\t\t<div class=\"elementor-element elementor-element-9cba89f elementor-widget elementor-widget-image\" data-id=\"9cba89f\" data-element_type=\"widget\" data-e-type=\"widget\" data-widget_type=\"image.default\">\n\t\t\t\t<div class=\"elementor-widget-container\">\n\t\t\t\t\t\t\t\t\t\t\t\t\t\t\t\t<a href=\"http:\/\/mairiedebonnat.portesdelacreuseenmarche.fr\/mairiedebonnat-2023\/demarches\/\">\n\t\t\t\t\t\t\t<img loading=\"lazy\" decoding=\"async\" width=\"600\" height=\"200\" src=\"https:\/\/mairiedebonnat.portesdelacreuseenmarche.fr\/mairiedebonnat-2023\/wp-content\/uploads\/2023\/03\/1-1.png\" class=\"elementor-animation-shrink attachment-large size-large wp-image-843\" alt=\"1\" srcset=\"https:\/\/mairiedebonnat.portesdelacreuseenmarche.fr\/mairiedebonnat-2023\/wp-content\/uploads\/2023\/03\/1-1.png 600w, https:\/\/mairiedebonnat.portesdelacreuseenmarche.fr\/mairiedebonnat-2023\/wp-content\/uploads\/2023\/03\/1-1-300x100.png 300w\" sizes=\"(max-width: 600px) 100vw, 600px\" \/>\t\t\t\t\t\t\t\t<\/a>\n\t\t\t\t\t\t\t\t\t\t\t\t\t\t\t<\/div>\n\t\t\t\t<\/div>\n\t\t\t\t<div class=\"elementor-element elementor-element-72dac53 elementor-widget elementor-widget-image\" data-id=\"72dac53\" data-element_type=\"widget\" data-e-type=\"widget\" data-widget_type=\"image.default\">\n\t\t\t\t<div class=\"elementor-widget-container\">\n\t\t\t\t\t\t\t\t\t\t\t\t\t\t\t\t<a href=\"https:\/\/mairiedebonnat.portesdelacreuseenmarche.fr\/mairiedebonnat-2023\/decisions-administratives\/\">\n\t\t\t\t\t\t\t<img loading=\"lazy\" decoding=\"async\" width=\"600\" height=\"200\" src=\"https:\/\/mairiedebonnat.portesdelacreuseenmarche.fr\/mairiedebonnat-2023\/wp-content\/uploads\/2023\/06\/Decisions-adm.jpg\" class=\"elementor-animation-shrink attachment-large size-large wp-image-4709\" alt=\"D\u00e9cisions adm\" srcset=\"https:\/\/mairiedebonnat.portesdelacreuseenmarche.fr\/mairiedebonnat-2023\/wp-content\/uploads\/2023\/06\/Decisions-adm.jpg 600w, https:\/\/mairiedebonnat.portesdelacreuseenmarche.fr\/mairiedebonnat-2023\/wp-content\/uploads\/2023\/06\/Decisions-adm-300x100.jpg 300w\" sizes=\"(max-width: 600px) 100vw, 600px\" \/>\t\t\t\t\t\t\t\t<\/a>\n\t\t\t\t\t\t\t\t\t\t\t\t\t\t\t<\/div>\n\t\t\t\t<\/div>\n\t\t\t\t<div class=\"elementor-element elementor-element-480cf55 elementor-widget elementor-widget-image\" data-id=\"480cf55\" data-element_type=\"widget\" data-e-type=\"widget\" data-widget_type=\"image.default\">\n\t\t\t\t<div class=\"elementor-widget-container\">\n\t\t\t\t\t\t\t\t\t\t\t\t\t\t\t\t<a href=\"http:\/\/mairiedebonnat.portesdelacreuseenmarche.fr\/mairiedebonnat-2023\/conseil-municipal\/\">\n\t\t\t\t\t\t\t<img loading=\"lazy\" decoding=\"async\" width=\"600\" height=\"200\" src=\"https:\/\/mairiedebonnat.portesdelacreuseenmarche.fr\/mairiedebonnat-2023\/wp-content\/uploads\/2023\/03\/4-3.png\" class=\"elementor-animation-shrink attachment-large size-large wp-image-846\" alt=\"4\" srcset=\"https:\/\/mairiedebonnat.portesdelacreuseenmarche.fr\/mairiedebonnat-2023\/wp-content\/uploads\/2023\/03\/4-3.png 600w, https:\/\/mairiedebonnat.portesdelacreuseenmarche.fr\/mairiedebonnat-2023\/wp-content\/uploads\/2023\/03\/4-3-300x100.png 300w\" sizes=\"(max-width: 600px) 100vw, 600px\" \/>\t\t\t\t\t\t\t\t<\/a>\n\t\t\t\t\t\t\t\t\t\t\t\t\t\t\t<\/div>\n\t\t\t\t<\/div>\n\t\t\t\t<div class=\"elementor-element elementor-element-dd527af elementor-widget elementor-widget-image\" data-id=\"dd527af\" data-element_type=\"widget\" data-e-type=\"widget\" data-widget_type=\"image.default\">\n\t\t\t\t<div class=\"elementor-widget-container\">\n\t\t\t\t\t\t\t\t\t\t\t\t\t\t\t\t<a href=\"http:\/\/mairiedebonnat.portesdelacreuseenmarche.fr\/mairiedebonnat-2023\/la-bonnactu\/\">\n\t\t\t\t\t\t\t<img loading=\"lazy\" decoding=\"async\" width=\"600\" height=\"200\" src=\"https:\/\/mairiedebonnat.portesdelacreuseenmarche.fr\/mairiedebonnat-2023\/wp-content\/uploads\/2023\/03\/5-3.png\" class=\"elementor-animation-shrink attachment-large size-large wp-image-847\" alt=\"5\" srcset=\"https:\/\/mairiedebonnat.portesdelacreuseenmarche.fr\/mairiedebonnat-2023\/wp-content\/uploads\/2023\/03\/5-3.png 600w, https:\/\/mairiedebonnat.portesdelacreuseenmarche.fr\/mairiedebonnat-2023\/wp-content\/uploads\/2023\/03\/5-3-300x100.png 300w\" sizes=\"(max-width: 600px) 100vw, 600px\" \/>\t\t\t\t\t\t\t\t<\/a>\n\t\t\t\t\t\t\t\t\t\t\t\t\t\t\t<\/div>\n\t\t\t\t<\/div>\n\t\t\t\t<div class=\"elementor-element elementor-element-51afcdc elementor-widget elementor-widget-image\" data-id=\"51afcdc\" data-element_type=\"widget\" data-e-type=\"widget\" data-widget_type=\"image.default\">\n\t\t\t\t<div class=\"elementor-widget-container\">\n\t\t\t\t\t\t\t\t\t\t\t\t\t\t\t\t<a href=\"http:\/\/mairiedebonnat.portesdelacreuseenmarche.fr\/mairiedebonnat-2023\/les-bulletins-municipaux\/\">\n\t\t\t\t\t\t\t<img loading=\"lazy\" decoding=\"async\" width=\"600\" height=\"200\" src=\"https:\/\/mairiedebonnat.portesdelacreuseenmarche.fr\/mairiedebonnat-2023\/wp-content\/uploads\/2023\/06\/Sidebar-2-1.png\" class=\"elementor-animation-shrink attachment-large size-large wp-image-3540\" alt=\"Sidebar\" srcset=\"https:\/\/mairiedebonnat.portesdelacreuseenmarche.fr\/mairiedebonnat-2023\/wp-content\/uploads\/2023\/06\/Sidebar-2-1.png 600w, https:\/\/mairiedebonnat.portesdelacreuseenmarche.fr\/mairiedebonnat-2023\/wp-content\/uploads\/2023\/06\/Sidebar-2-1-300x100.png 300w\" sizes=\"(max-width: 600px) 100vw, 600px\" \/>\t\t\t\t\t\t\t\t<\/a>\n\t\t\t\t\t\t\t\t\t\t\t\t\t\t\t<\/div>\n\t\t\t\t<\/div>\n\t\t\t\t<div class=\"elementor-element elementor-element-3bccd77 elementor-widget elementor-widget-image\" data-id=\"3bccd77\" data-element_type=\"widget\" data-e-type=\"widget\" data-widget_type=\"image.default\">\n\t\t\t\t<div class=\"elementor-widget-container\">\n\t\t\t\t\t\t\t\t\t\t\t\t\t\t\t\t<a href=\"http:\/\/mairiedebonnat.portesdelacreuseenmarche.fr\/mairiedebonnat-2023\/annuaire-des-services\/\">\n\t\t\t\t\t\t\t<img loading=\"lazy\" decoding=\"async\" width=\"600\" height=\"200\" src=\"https:\/\/mairiedebonnat.portesdelacreuseenmarche.fr\/mairiedebonnat-2023\/wp-content\/uploads\/2023\/03\/Sidebar-5-annuaire.png\" class=\"elementor-animation-shrink attachment-large size-large wp-image-1627\" alt=\"Sidebar 5 annuaire\" srcset=\"https:\/\/mairiedebonnat.portesdelacreuseenmarche.fr\/mairiedebonnat-2023\/wp-content\/uploads\/2023\/03\/Sidebar-5-annuaire.png 600w, https:\/\/mairiedebonnat.portesdelacreuseenmarche.fr\/mairiedebonnat-2023\/wp-content\/uploads\/2023\/03\/Sidebar-5-annuaire-300x100.png 300w\" sizes=\"(max-width: 600px) 100vw, 600px\" \/>\t\t\t\t\t\t\t\t<\/a>\n\t\t\t\t\t\t\t\t\t\t\t\t\t\t\t<\/div>\n\t\t\t\t<\/div>\n\t\t\t\t<div class=\"elementor-element elementor-element-3c3410a elementor-widget elementor-widget-spacer\" data-id=\"3c3410a\" data-element_type=\"widget\" data-e-type=\"widget\" data-widget_type=\"spacer.default\">\n\t\t\t\t<div class=\"elementor-widget-container\">\n\t\t\t\t\t\t\t<div class=\"elementor-spacer\">\n\t\t\t<div class=\"elementor-spacer-inner\"><\/div>\n\t\t<\/div>\n\t\t\t\t\t\t<\/div>\n\t\t\t\t<\/div>\n\t\t\t\t\t<\/div>\n\t\t<\/div>\n\t\t\t\t\t<\/div>\n\t\t<\/section>\n\t\t\t\t<\/div>\n\t\t","protected":false},"excerpt":{"rendered":"<p>\u00c0 LA UNE ! \u2a20 Arr\u00eat\u00e9 portant r\u00e8glementation de la circulation sur la Route D\u00e9partementale n\u00b040 du PR 69+493 au PR 70+130 sur le territoire de la Commune de Bonnat En raison de travaux sur la RD 40,sur la commune de BONNAT,une d\u00e9viation est mise en place du :&#8211; mardi 21 au vendredi 24 octobre&#8230;<\/p>\n","protected":false},"author":1,"featured_media":21066,"comment_status":"closed","ping_status":"closed","sticky":false,"template":"","format":"standard","meta":{"_kad_post_transparent":"default","_kad_post_title":"hide","_kad_post_layout":"fullwidth","_kad_post_sidebar_id":"","_kad_post_content_style":"unboxed","_kad_post_vertical_padding":"hide","_kad_post_feature":"hide","_kad_post_feature_position":"","_kad_post_header":false,"_kad_post_footer":false,"slim_seo":{"title":"Arr\u00eat\u00e9 portant r\u00e8glementation de la circulation sur la Route D\u00e9partementale n\u00b040 du PR 69+493 au PR 70+130 sur le territoire de la Commune de Bonnat - Commune de Bonnat","description":"\u00c0 LA UNE ! \u2a20 Arr\u00eat\u00e9 portant r\u00e8glementation de la circulation sur la Route D\u00e9partementale n\u00b040 du PR 69+493 au PR 70+130 sur le territoire de la Commune de Bonna"},"footnotes":""},"categories":[149],"tags":[48,25],"class_list":["post-27269","post","type-post","status-publish","format-standard","has-post-thumbnail","hentry","category-deviation","tag-arrete","tag-bonnat"],"_links":{"self":[{"href":"https:\/\/mairiedebonnat.portesdelacreuseenmarche.fr\/mairiedebonnat-2023\/wp-json\/wp\/v2\/posts\/27269","targetHints":{"allow":["GET"]}}],"collection":[{"href":"https:\/\/mairiedebonnat.portesdelacreuseenmarche.fr\/mairiedebonnat-2023\/wp-json\/wp\/v2\/posts"}],"about":[{"href":"https:\/\/mairiedebonnat.portesdelacreuseenmarche.fr\/mairiedebonnat-2023\/wp-json\/wp\/v2\/types\/post"}],"author":[{"embeddable":true,"href":"https:\/\/mairiedebonnat.portesdelacreuseenmarche.fr\/mairiedebonnat-2023\/wp-json\/wp\/v2\/users\/1"}],"replies":[{"embeddable":true,"href":"https:\/\/mairiedebonnat.portesdelacreuseenmarche.fr\/mairiedebonnat-2023\/wp-json\/wp\/v2\/comments?post=27269"}],"version-history":[{"count":4,"href":"https:\/\/mairiedebonnat.portesdelacreuseenmarche.fr\/mairiedebonnat-2023\/wp-json\/wp\/v2\/posts\/27269\/revisions"}],"predecessor-version":[{"id":27275,"href":"https:\/\/mairiedebonnat.portesdelacreuseenmarche.fr\/mairiedebonnat-2023\/wp-json\/wp\/v2\/posts\/27269\/revisions\/27275"}],"wp:featuredmedia":[{"embeddable":true,"href":"https:\/\/mairiedebonnat.portesdelacreuseenmarche.fr\/mairiedebonnat-2023\/wp-json\/wp\/v2\/media\/21066"}],"wp:attachment":[{"href":"https:\/\/mairiedebonnat.portesdelacreuseenmarche.fr\/mairiedebonnat-2023\/wp-json\/wp\/v2\/media?parent=27269"}],"wp:term":[{"taxonomy":"category","embeddable":true,"href":"https:\/\/mairiedebonnat.portesdelacreuseenmarche.fr\/mairiedebonnat-2023\/wp-json\/wp\/v2\/categories?post=27269"},{"taxonomy":"post_tag","embeddable":true,"href":"https:\/\/mairiedebonnat.portesdelacreuseenmarche.fr\/mairiedebonnat-2023\/wp-json\/wp\/v2\/tags?post=27269"}],"curies":[{"name":"wp","href":"https:\/\/api.w.org\/{rel}","templated":true}]}}