{"id":26814,"date":"2025-09-08T14:59:59","date_gmt":"2025-09-08T12:59:59","guid":{"rendered":"https:\/\/mairiedebonnat.portesdelacreuseenmarche.fr\/mairiedebonnat-2023\/?p=26814"},"modified":"2025-09-08T15:12:15","modified_gmt":"2025-09-08T13:12:15","slug":"sensibilisation-au-tri-des-biodechets","status":"publish","type":"post","link":"https:\/\/mairiedebonnat.portesdelacreuseenmarche.fr\/mairiedebonnat-2023\/sensibilisation-au-tri-des-biodechets\/","title":{"rendered":"Sensibilisation au tri des biod\u00e9chets"},"content":{"rendered":"\t\t<div data-elementor-type=\"wp-post\" data-elementor-id=\"26814\" class=\"elementor elementor-26814\">\n\t\t\t\t\t\t<section class=\"elementor-section elementor-top-section elementor-element elementor-element-e8ee175 elementor-section-boxed elementor-section-height-default elementor-section-height-default\" data-id=\"e8ee175\" data-element_type=\"section\" data-e-type=\"section\">\n\t\t\t\t\t\t<div class=\"elementor-container elementor-column-gap-default\">\n\t\t\t\t\t<div class=\"elementor-column elementor-col-100 elementor-top-column elementor-element elementor-element-547fdfd\" data-id=\"547fdfd\" data-element_type=\"column\" data-e-type=\"column\">\n\t\t\t<div class=\"elementor-widget-wrap elementor-element-populated\">\n\t\t\t\t\t\t<div class=\"elementor-element elementor-element-9318bc3 elementor-widget elementor-widget-text-editor\" data-id=\"9318bc3\" data-element_type=\"widget\" data-e-type=\"widget\" data-widget_type=\"text-editor.default\">\n\t\t\t\t<div class=\"elementor-widget-container\">\n\t\t\t\t\t\t\t\t\t<h1><a href=\"https:\/\/mairiedebonnat.portesdelacreuseenmarche.fr\/mairiedebonnat-2023\/\">\u00c0 LA UNE ! \u2a20<\/a> Sensibilisation au tri des biod\u00e9chets : valorisons les biod\u00e9chets !<\/h1>\t\t\t\t\t\t\t\t<\/div>\n\t\t\t\t<\/div>\n\t\t\t\t<div class=\"elementor-element elementor-element-8e21e40 elementor-widget-divider--view-line elementor-widget elementor-widget-divider\" data-id=\"8e21e40\" data-element_type=\"widget\" data-e-type=\"widget\" data-widget_type=\"divider.default\">\n\t\t\t\t<div class=\"elementor-widget-container\">\n\t\t\t\t\t\t\t<div class=\"elementor-divider\">\n\t\t\t<span class=\"elementor-divider-separator\">\n\t\t\t\t\t\t<\/span>\n\t\t<\/div>\n\t\t\t\t\t\t<\/div>\n\t\t\t\t<\/div>\n\t\t\t\t\t<\/div>\n\t\t<\/div>\n\t\t\t\t\t<\/div>\n\t\t<\/section>\n\t\t\t\t<section class=\"elementor-section elementor-top-section elementor-element elementor-element-29b6cad elementor-section-content-top elementor-section-boxed elementor-section-height-default elementor-section-height-default\" data-id=\"29b6cad\" data-element_type=\"section\" data-e-type=\"section\">\n\t\t\t\t\t\t<div class=\"elementor-container elementor-column-gap-no\">\n\t\t\t\t\t<div class=\"elementor-column elementor-col-50 elementor-top-column elementor-element elementor-element-0a2ed05\" data-id=\"0a2ed05\" data-element_type=\"column\" data-e-type=\"column\">\n\t\t\t<div class=\"elementor-widget-wrap elementor-element-populated\">\n\t\t\t\t\t\t<section class=\"elementor-section elementor-inner-section elementor-element elementor-element-a547298 elementor-section-boxed elementor-section-height-default elementor-section-height-default\" data-id=\"a547298\" data-element_type=\"section\" data-e-type=\"section\">\n\t\t\t\t\t\t<div class=\"elementor-container elementor-column-gap-default\">\n\t\t\t\t\t<div class=\"elementor-column elementor-col-100 elementor-inner-column elementor-element elementor-element-f0baf95\" data-id=\"f0baf95\" data-element_type=\"column\" data-e-type=\"column\" data-settings=\"{&quot;background_background&quot;:&quot;gradient&quot;}\">\n\t\t\t<div class=\"elementor-widget-wrap elementor-element-populated\">\n\t\t\t\t\t\t<div class=\"elementor-element elementor-element-268f10e elementor-widget elementor-widget-text-editor\" data-id=\"268f10e\" data-element_type=\"widget\" data-e-type=\"widget\" data-widget_type=\"text-editor.default\">\n\t\t\t\t<div class=\"elementor-widget-container\">\n\t\t\t\t\t\t\t\t\t<div class=\"x11i5rnm xat24cr x1mh8g0r x1vvkbs xtlvy1s x126k92a\"><div dir=\"auto\"><div class=\"x11i5rnm xat24cr x1mh8g0r x1vvkbs xtlvy1s x126k92a\"><p style=\"text-align: center;\"><strong>Les biod\u00e9chets repr\u00e9sentent environ un tiers des ordures m\u00e9nag\u00e8res non tri\u00e9es en France alors qu\u2019ils pourraient \u00eatre valoris\u00e9s<\/strong><strong>. Depuis le 1<sup>er<\/sup> janvier 2024, le tri \u00e0 la source des biod\u00e9chets a \u00e9t\u00e9 g\u00e9n\u00e9ralis\u00e9 et concerne tous les professionnels et les particuliers. L\u2019objectif\u00a0? Donner une nouvelle vie aux biod\u00e9chets\u00a0!<\/strong><\/p><h1 style=\"text-align: left;\">\u00a0Les biod\u00e9chets, qu\u2019est-ce que c\u2019est ?<\/h1><ul><li><strong>les d\u00e9chets de cuisine et de table :<\/strong> \u00e9pluchures, coquilles d\u2019\u0153ufs, pain rassis, marc de caf\u00e9&#8230;<\/li><li><p style=\"text-align: left;\"><strong>les d\u00e9chets de jardin :<\/strong> tontes, feuilles mortes, petites branches.<\/p><\/li><\/ul><\/div><\/div><\/div>\t\t\t\t\t\t\t\t<\/div>\n\t\t\t\t<\/div>\n\t\t\t\t\t<\/div>\n\t\t<\/div>\n\t\t\t\t\t<\/div>\n\t\t<\/section>\n\t\t\t\t<section class=\"elementor-section elementor-inner-section elementor-element elementor-element-c331e11 elementor-section-boxed elementor-section-height-default elementor-section-height-default\" data-id=\"c331e11\" data-element_type=\"section\" data-e-type=\"section\">\n\t\t\t\t\t\t<div class=\"elementor-container elementor-column-gap-default\">\n\t\t\t\t\t<div class=\"elementor-column elementor-col-50 elementor-inner-column elementor-element elementor-element-3bee4ef\" data-id=\"3bee4ef\" data-element_type=\"column\" data-e-type=\"column\" data-settings=\"{&quot;background_background&quot;:&quot;gradient&quot;}\">\n\t\t\t<div class=\"elementor-widget-wrap elementor-element-populated\">\n\t\t\t\t\t\t<div class=\"elementor-element elementor-element-e6cb909 elementor-widget__width-initial elementor-widget elementor-widget-text-editor\" data-id=\"e6cb909\" data-element_type=\"widget\" data-e-type=\"widget\" data-widget_type=\"text-editor.default\">\n\t\t\t\t<div class=\"elementor-widget-container\">\n\t\t\t\t\t\t\t\t\t<h1>Pourquoi trier ses biod\u00e9chets ?<\/h1><p>Les d\u00e9chets alimentaires repr\u00e9sentent 9,5 millions de tonnes de d\u00e9chets en France par an. Correctement tri\u00e9s, collect\u00e9s et valoris\u00e9s, ces d\u00e9chets peuvent devenir une ressource pr\u00e9cieuse, au lieu de finir en d\u00e9charge.<\/p><h1>Le tri des biod\u00e9chets permet de\u00a0:<\/h1><ul><li><p>r\u00e9duire le bilan carbone du secteur des d\u00e9chets,<\/p><\/li><li><p>produire du compost, du digestat et du biogaz (utilisable pour le chauffage ou comme carburant vert) via la m\u00e9thanisation,<\/p><\/li><li><p>am\u00e9liorer la qualit\u00e9 des sols (gr\u00e2ce aux fertilisants organiques),<\/p><\/li><li><p>contribuer \u00e0 une \u00e9conomie circulaire locale et vertueuse.<\/p><\/li><li><p>En bref, de transformer un d\u00e9chet en ressource.<\/p><\/li><\/ul>\t\t\t\t\t\t\t\t<\/div>\n\t\t\t\t<\/div>\n\t\t\t\t\t<\/div>\n\t\t<\/div>\n\t\t\t\t<div class=\"elementor-column elementor-col-50 elementor-inner-column elementor-element elementor-element-297a1ce\" data-id=\"297a1ce\" data-element_type=\"column\" data-e-type=\"column\">\n\t\t\t<div class=\"elementor-widget-wrap elementor-element-populated\">\n\t\t\t\t\t\t<div class=\"elementor-element elementor-element-104509f elementor-widget elementor-widget-image\" data-id=\"104509f\" data-element_type=\"widget\" data-e-type=\"widget\" data-widget_type=\"image.default\">\n\t\t\t\t<div class=\"elementor-widget-container\">\n\t\t\t\t\t\t\t\t\t\t\t\t\t\t\t<img fetchpriority=\"high\" decoding=\"async\" width=\"724\" height=\"1024\" src=\"https:\/\/mairiedebonnat.portesdelacreuseenmarche.fr\/mairiedebonnat-2023\/wp-content\/uploads\/2025\/09\/Affiche_A4_biodechets-724x1024.jpg\" class=\"attachment-large size-large wp-image-26816\" alt=\"Affiche A4 Biodechets\" srcset=\"https:\/\/mairiedebonnat.portesdelacreuseenmarche.fr\/mairiedebonnat-2023\/wp-content\/uploads\/2025\/09\/Affiche_A4_biodechets-724x1024.jpg 724w, https:\/\/mairiedebonnat.portesdelacreuseenmarche.fr\/mairiedebonnat-2023\/wp-content\/uploads\/2025\/09\/Affiche_A4_biodechets-212x300.jpg 212w, https:\/\/mairiedebonnat.portesdelacreuseenmarche.fr\/mairiedebonnat-2023\/wp-content\/uploads\/2025\/09\/Affiche_A4_biodechets-768x1086.jpg 768w, https:\/\/mairiedebonnat.portesdelacreuseenmarche.fr\/mairiedebonnat-2023\/wp-content\/uploads\/2025\/09\/Affiche_A4_biodechets-1086x1536.jpg 1086w, https:\/\/mairiedebonnat.portesdelacreuseenmarche.fr\/mairiedebonnat-2023\/wp-content\/uploads\/2025\/09\/Affiche_A4_biodechets-1448x2048.jpg 1448w, https:\/\/mairiedebonnat.portesdelacreuseenmarche.fr\/mairiedebonnat-2023\/wp-content\/uploads\/2025\/09\/Affiche_A4_biodechets-scaled.jpg 1810w\" sizes=\"(max-width: 724px) 100vw, 724px\" \/>\t\t\t\t\t\t\t\t\t\t\t\t\t\t\t<\/div>\n\t\t\t\t<\/div>\n\t\t\t\t\t<\/div>\n\t\t<\/div>\n\t\t\t\t\t<\/div>\n\t\t<\/section>\n\t\t\t\t<section class=\"elementor-section elementor-inner-section elementor-element elementor-element-4559bee elementor-section-boxed elementor-section-height-default elementor-section-height-default\" data-id=\"4559bee\" data-element_type=\"section\" data-e-type=\"section\">\n\t\t\t\t\t\t<div class=\"elementor-container elementor-column-gap-default\">\n\t\t\t\t\t<div class=\"elementor-column elementor-col-100 elementor-inner-column elementor-element elementor-element-ec33ad2\" data-id=\"ec33ad2\" data-element_type=\"column\" data-e-type=\"column\" data-settings=\"{&quot;background_background&quot;:&quot;gradient&quot;}\">\n\t\t\t<div class=\"elementor-widget-wrap elementor-element-populated\">\n\t\t\t\t\t\t<div class=\"elementor-element elementor-element-6a9b57b elementor-widget elementor-widget-video\" data-id=\"6a9b57b\" data-element_type=\"widget\" data-e-type=\"widget\" data-settings=\"{&quot;video_type&quot;:&quot;hosted&quot;,&quot;controls&quot;:&quot;yes&quot;}\" data-widget_type=\"video.default\">\n\t\t\t\t<div class=\"elementor-widget-container\">\n\t\t\t\t\t\t\t<div class=\"e-hosted-video elementor-wrapper elementor-open-inline\">\n\t\t\t\t\t<video class=\"elementor-video\" src=\"https:\/\/mairiedebonnat.portesdelacreuseenmarche.fr\/mairiedebonnat-2023\/wp-content\/uploads\/2025\/09\/Orange_Pomme_30sec_biodechets.mp4\" controls=\"\" preload=\"metadata\" controlsList=\"nodownload\"><\/video>\n\t\t\t\t<\/div>\n\t\t\t\t\t\t<\/div>\n\t\t\t\t<\/div>\n\t\t\t\t\t<\/div>\n\t\t<\/div>\n\t\t\t\t\t<\/div>\n\t\t<\/section>\n\t\t\t\t<section class=\"elementor-section elementor-inner-section elementor-element elementor-element-888e485 elementor-section-boxed elementor-section-height-default elementor-section-height-default\" data-id=\"888e485\" data-element_type=\"section\" data-e-type=\"section\">\n\t\t\t\t\t\t<div class=\"elementor-container elementor-column-gap-default\">\n\t\t\t\t\t<div class=\"elementor-column elementor-col-50 elementor-inner-column elementor-element elementor-element-e3e0616\" data-id=\"e3e0616\" data-element_type=\"column\" data-e-type=\"column\" data-settings=\"{&quot;background_background&quot;:&quot;gradient&quot;}\">\n\t\t\t<div class=\"elementor-widget-wrap elementor-element-populated\">\n\t\t\t\t\t\t<div class=\"elementor-element elementor-element-85ba856 elementor-widget__width-initial elementor-widget elementor-widget-text-editor\" data-id=\"85ba856\" data-element_type=\"widget\" data-e-type=\"widget\" data-widget_type=\"text-editor.default\">\n\t\t\t\t<div class=\"elementor-widget-container\">\n\t\t\t\t\t\t\t\t\t<h1>Vous \u00eates un particulier\u00a0: comment trier mes biod\u00e9chets ?<\/h1><p><em>Plusieurs solutions existent pour trier facilement vos biod\u00e9chets en fonction de ce que votre collectivit\u00e9 a choisi de mettre en place pour vous dans votre quartier :<\/em><\/p><ul><li><p><strong>Le composteur :<\/strong> en usage individuel ou partag\u00e9, il permet de trier et de transformer les biod\u00e9chets en compost chez soi ou \u00e0 proximit\u00e9.<\/p><\/li><li><p><strong>La collecte en porte-\u00e0-porte :<\/strong> vous disposez chez vous d\u2019un bac de collecte d\u00e9di\u00e9 aux biod\u00e9chets et vos biod\u00e9chets sont r\u00e9cup\u00e9r\u00e9s directement \u00e0 domicile par les camions-poubelle de la collectivit\u00e9.<\/p><\/li><li><p><strong>Le point d\u2019apport volontaire :<\/strong> des bornes de tri des biod\u00e9chets sont accessibles dans votre quartier et vid\u00e9es r\u00e9guli\u00e8rement par votre collectivit\u00e9 responsable de la collecte des d\u00e9chets.<\/p><\/li><\/ul><p>Pour en savoir plus, rendez-vous sur la <a href=\"https:\/\/ecologie.gouv.fr\/tri-biodechets\">page d\u00e9di\u00e9e<\/a> du minist\u00e8re de la Transition \u00e9cologique, de la Biodiversit\u00e9, de la For\u00eat, de la Mer et de la P\u00eache, ou contactez la collectivit\u00e9 responsable de la collecte de vos d\u00e9chets.<\/p><h1>Vous \u00eates un professionnel\u00a0et souhaitez conna\u00eetre vos obligations ainsi que les outils \u00e0 votre disposition\u00a0?<\/h1><p>Rendez-vous sur la <a href=\"https:\/\/ecologie.gouv.fr\/biodechets\">page d\u00e9di\u00e9e<\/a> du minist\u00e8re de la Transition \u00e9cologique, de la Biodiversit\u00e9, de la For\u00eat, de la Mer et de la P\u00eache.<\/p>\t\t\t\t\t\t\t\t<\/div>\n\t\t\t\t<\/div>\n\t\t\t\t\t<\/div>\n\t\t<\/div>\n\t\t\t\t<div class=\"elementor-column elementor-col-50 elementor-inner-column elementor-element elementor-element-f21fe52\" data-id=\"f21fe52\" data-element_type=\"column\" data-e-type=\"column\">\n\t\t\t<div class=\"elementor-widget-wrap elementor-element-populated\">\n\t\t\t\t\t\t<div class=\"elementor-element elementor-element-d2ee72b elementor-widget__width-initial elementor-widget elementor-widget-image\" data-id=\"d2ee72b\" data-element_type=\"widget\" data-e-type=\"widget\" data-widget_type=\"image.default\">\n\t\t\t\t<div class=\"elementor-widget-container\">\n\t\t\t\t\t\t\t\t\t\t\t\t\t\t\t<img decoding=\"async\" width=\"310\" height=\"1024\" src=\"https:\/\/mairiedebonnat.portesdelacreuseenmarche.fr\/mairiedebonnat-2023\/wp-content\/uploads\/2025\/09\/Infographie_biodechets-310x1024.png\" class=\"attachment-large size-large wp-image-26820\" alt=\"Infographie Biodechets\" srcset=\"https:\/\/mairiedebonnat.portesdelacreuseenmarche.fr\/mairiedebonnat-2023\/wp-content\/uploads\/2025\/09\/Infographie_biodechets-310x1024.png 310w, https:\/\/mairiedebonnat.portesdelacreuseenmarche.fr\/mairiedebonnat-2023\/wp-content\/uploads\/2025\/09\/Infographie_biodechets-91x300.png 91w, https:\/\/mairiedebonnat.portesdelacreuseenmarche.fr\/mairiedebonnat-2023\/wp-content\/uploads\/2025\/09\/Infographie_biodechets-768x2540.png 768w, https:\/\/mairiedebonnat.portesdelacreuseenmarche.fr\/mairiedebonnat-2023\/wp-content\/uploads\/2025\/09\/Infographie_biodechets-scaled.png 774w\" sizes=\"(max-width: 310px) 100vw, 310px\" \/>\t\t\t\t\t\t\t\t\t\t\t\t\t\t\t<\/div>\n\t\t\t\t<\/div>\n\t\t\t\t\t<\/div>\n\t\t<\/div>\n\t\t\t\t\t<\/div>\n\t\t<\/section>\n\t\t\t\t<section class=\"elementor-section elementor-inner-section elementor-element elementor-element-5a2524b elementor-section-boxed elementor-section-height-default elementor-section-height-default\" data-id=\"5a2524b\" data-element_type=\"section\" data-e-type=\"section\">\n\t\t\t\t\t\t<div class=\"elementor-container elementor-column-gap-default\">\n\t\t\t\t\t<div class=\"elementor-column elementor-col-100 elementor-inner-column elementor-element elementor-element-ab6b6e5\" data-id=\"ab6b6e5\" data-element_type=\"column\" data-e-type=\"column\" data-settings=\"{&quot;background_background&quot;:&quot;gradient&quot;}\">\n\t\t\t<div class=\"elementor-widget-wrap\">\n\t\t\t\t\t\t\t<\/div>\n\t\t<\/div>\n\t\t\t\t\t<\/div>\n\t\t<\/section>\n\t\t\t\t\t<\/div>\n\t\t<\/div>\n\t\t\t\t<div class=\"elementor-column elementor-col-50 elementor-top-column elementor-element elementor-element-572972a\" data-id=\"572972a\" data-element_type=\"column\" data-e-type=\"column\">\n\t\t\t<div class=\"elementor-widget-wrap\">\n\t\t\t\t\t\t\t<\/div>\n\t\t<\/div>\n\t\t\t\t\t<\/div>\n\t\t<\/section>\n\t\t\t\t<section class=\"elementor-section elementor-top-section elementor-element elementor-element-2f6df1f elementor-section-boxed elementor-section-height-default elementor-section-height-default\" data-id=\"2f6df1f\" data-element_type=\"section\" data-e-type=\"section\">\n\t\t\t\t\t\t<div class=\"elementor-container elementor-column-gap-default\">\n\t\t\t\t\t<div class=\"elementor-column elementor-col-100 elementor-top-column elementor-element elementor-element-0b0c293\" data-id=\"0b0c293\" data-element_type=\"column\" data-e-type=\"column\">\n\t\t\t<div class=\"elementor-widget-wrap\">\n\t\t\t\t\t\t\t<\/div>\n\t\t<\/div>\n\t\t\t\t\t<\/div>\n\t\t<\/section>\n\t\t\t\t<\/div>\n\t\t","protected":false},"excerpt":{"rendered":"<p>\u00c0 LA UNE ! \u2a20 Sensibilisation au tri des biod\u00e9chets : valorisons les biod\u00e9chets ! Les biod\u00e9chets repr\u00e9sentent environ un tiers des ordures m\u00e9nag\u00e8res non tri\u00e9es en France alors qu\u2019ils pourraient \u00eatre valoris\u00e9s. Depuis le 1er janvier 2024, le tri \u00e0 la source des biod\u00e9chets a \u00e9t\u00e9 g\u00e9n\u00e9ralis\u00e9 et concerne tous les professionnels et les&#8230;<\/p>\n","protected":false},"author":1,"featured_media":26831,"comment_status":"closed","ping_status":"open","sticky":false,"template":"","format":"standard","meta":{"_kad_post_transparent":"default","_kad_post_title":"default","_kad_post_layout":"default","_kad_post_sidebar_id":"","_kad_post_content_style":"default","_kad_post_vertical_padding":"default","_kad_post_feature":"","_kad_post_feature_position":"","_kad_post_header":false,"_kad_post_footer":false,"slim_seo":{"title":"Sensibilisation au tri des biod\u00e9chets - Commune de Bonnat","description":"\u00c0 LA UNE ! \u2a20 Sensibilisation au tri des biod\u00e9chets : valorisons les biod\u00e9chets ! Les biod\u00e9chets repr\u00e9sentent environ un tiers des ordures m\u00e9nag\u00e8res non tri\u00e9es e"},"footnotes":""},"categories":[38,256,29],"tags":[25],"class_list":["post-26814","post","type-post","status-publish","format-standard","has-post-thumbnail","hentry","category-environnement","category-securite","category-vigilance-et-securite","tag-bonnat"],"_links":{"self":[{"href":"https:\/\/mairiedebonnat.portesdelacreuseenmarche.fr\/mairiedebonnat-2023\/wp-json\/wp\/v2\/posts\/26814","targetHints":{"allow":["GET"]}}],"collection":[{"href":"https:\/\/mairiedebonnat.portesdelacreuseenmarche.fr\/mairiedebonnat-2023\/wp-json\/wp\/v2\/posts"}],"about":[{"href":"https:\/\/mairiedebonnat.portesdelacreuseenmarche.fr\/mairiedebonnat-2023\/wp-json\/wp\/v2\/types\/post"}],"author":[{"embeddable":true,"href":"https:\/\/mairiedebonnat.portesdelacreuseenmarche.fr\/mairiedebonnat-2023\/wp-json\/wp\/v2\/users\/1"}],"replies":[{"embeddable":true,"href":"https:\/\/mairiedebonnat.portesdelacreuseenmarche.fr\/mairiedebonnat-2023\/wp-json\/wp\/v2\/comments?post=26814"}],"version-history":[{"count":16,"href":"https:\/\/mairiedebonnat.portesdelacreuseenmarche.fr\/mairiedebonnat-2023\/wp-json\/wp\/v2\/posts\/26814\/revisions"}],"predecessor-version":[{"id":26834,"href":"https:\/\/mairiedebonnat.portesdelacreuseenmarche.fr\/mairiedebonnat-2023\/wp-json\/wp\/v2\/posts\/26814\/revisions\/26834"}],"wp:featuredmedia":[{"embeddable":true,"href":"https:\/\/mairiedebonnat.portesdelacreuseenmarche.fr\/mairiedebonnat-2023\/wp-json\/wp\/v2\/media\/26831"}],"wp:attachment":[{"href":"https:\/\/mairiedebonnat.portesdelacreuseenmarche.fr\/mairiedebonnat-2023\/wp-json\/wp\/v2\/media?parent=26814"}],"wp:term":[{"taxonomy":"category","embeddable":true,"href":"https:\/\/mairiedebonnat.portesdelacreuseenmarche.fr\/mairiedebonnat-2023\/wp-json\/wp\/v2\/categories?post=26814"},{"taxonomy":"post_tag","embeddable":true,"href":"https:\/\/mairiedebonnat.portesdelacreuseenmarche.fr\/mairiedebonnat-2023\/wp-json\/wp\/v2\/tags?post=26814"}],"curies":[{"name":"wp","href":"https:\/\/api.w.org\/{rel}","templated":true}]}}