{"id":26096,"date":"2025-06-30T16:25:33","date_gmt":"2025-06-30T14:25:33","guid":{"rendered":"https:\/\/mairiedebonnat.portesdelacreuseenmarche.fr\/mairiedebonnat-2023\/?p=26096"},"modified":"2025-07-04T09:55:49","modified_gmt":"2025-07-04T07:55:49","slug":"alerte-canicule-vigilance-orange-2","status":"publish","type":"post","link":"https:\/\/mairiedebonnat.portesdelacreuseenmarche.fr\/mairiedebonnat-2023\/alerte-canicule-vigilance-orange-2\/","title":{"rendered":"ALERTE CANICULE : Vigilance Orange"},"content":{"rendered":"\t\t<div data-elementor-type=\"wp-post\" data-elementor-id=\"26096\" class=\"elementor elementor-26096\">\n\t\t\t\t\t\t<section class=\"elementor-section elementor-top-section elementor-element elementor-element-e8ee175 elementor-section-boxed elementor-section-height-default elementor-section-height-default\" data-id=\"e8ee175\" data-element_type=\"section\" data-e-type=\"section\">\n\t\t\t\t\t\t<div class=\"elementor-container elementor-column-gap-default\">\n\t\t\t\t\t<div class=\"elementor-column elementor-col-100 elementor-top-column elementor-element elementor-element-547fdfd\" data-id=\"547fdfd\" data-element_type=\"column\" data-e-type=\"column\">\n\t\t\t<div class=\"elementor-widget-wrap elementor-element-populated\">\n\t\t\t\t\t\t<div class=\"elementor-element elementor-element-9318bc3 elementor-widget elementor-widget-text-editor\" data-id=\"9318bc3\" data-element_type=\"widget\" data-e-type=\"widget\" data-widget_type=\"text-editor.default\">\n\t\t\t\t<div class=\"elementor-widget-container\">\n\t\t\t\t\t\t\t\t\t<h1><a href=\"https:\/\/mairiedebonnat.portesdelacreuseenmarche.fr\/mairiedebonnat-2023\/\">\u00c0 LA UNE ! \u2a20<\/a> ALERTE CANICULE : Vigilance Orange<\/h1>\t\t\t\t\t\t\t\t<\/div>\n\t\t\t\t<\/div>\n\t\t\t\t<div class=\"elementor-element elementor-element-8e21e40 elementor-widget-divider--view-line elementor-widget elementor-widget-divider\" data-id=\"8e21e40\" data-element_type=\"widget\" data-e-type=\"widget\" data-widget_type=\"divider.default\">\n\t\t\t\t<div class=\"elementor-widget-container\">\n\t\t\t\t\t\t\t<div class=\"elementor-divider\">\n\t\t\t<span class=\"elementor-divider-separator\">\n\t\t\t\t\t\t<\/span>\n\t\t<\/div>\n\t\t\t\t\t\t<\/div>\n\t\t\t\t<\/div>\n\t\t\t\t\t<\/div>\n\t\t<\/div>\n\t\t\t\t\t<\/div>\n\t\t<\/section>\n\t\t\t\t<section class=\"elementor-section elementor-top-section elementor-element elementor-element-29b6cad elementor-section-content-top elementor-section-boxed elementor-section-height-default elementor-section-height-default\" data-id=\"29b6cad\" data-element_type=\"section\" data-e-type=\"section\">\n\t\t\t\t\t\t<div class=\"elementor-container elementor-column-gap-no\">\n\t\t\t\t\t<div class=\"elementor-column elementor-col-50 elementor-top-column elementor-element elementor-element-0a2ed05\" data-id=\"0a2ed05\" data-element_type=\"column\" data-e-type=\"column\">\n\t\t\t<div class=\"elementor-widget-wrap elementor-element-populated\">\n\t\t\t\t\t\t<section class=\"elementor-section elementor-inner-section elementor-element elementor-element-a547298 elementor-section-boxed elementor-section-height-default elementor-section-height-default\" data-id=\"a547298\" data-element_type=\"section\" data-e-type=\"section\">\n\t\t\t\t\t\t<div class=\"elementor-container elementor-column-gap-default\">\n\t\t\t\t\t<div class=\"elementor-column elementor-col-100 elementor-inner-column elementor-element elementor-element-f0baf95\" data-id=\"f0baf95\" data-element_type=\"column\" data-e-type=\"column\" data-settings=\"{&quot;background_background&quot;:&quot;gradient&quot;}\">\n\t\t\t<div class=\"elementor-widget-wrap elementor-element-populated\">\n\t\t\t\t\t\t<div class=\"elementor-element elementor-element-268f10e elementor-widget elementor-widget-text-editor\" data-id=\"268f10e\" data-element_type=\"widget\" data-e-type=\"widget\" data-widget_type=\"text-editor.default\">\n\t\t\t\t<div class=\"elementor-widget-container\">\n\t\t\t\t\t\t\t\t\t<div class=\"x11i5rnm xat24cr x1mh8g0r x1vvkbs xtlvy1s x126k92a\"><div dir=\"auto\"><div class=\"x11i5rnm xat24cr x1mh8g0r x1vvkbs xtlvy1s x126k92a\"><p dir=\"auto\" style=\"text-align: center;\"><span class=\"x193iq5w xeuugli x13faqbe x1vvkbs x1xmvt09 x1lliihq x1s928wv xhkezso x1gmr53x x1cpjm7i x1fgarty x1943h6x xudqn12 x3x7a5m x6prxxf xvq8zen xo1l8bm xzsf02u x1yc453h\" dir=\"auto\">Alors qu\u2019une vague de chaleur s\u2019installe durablement dans plusieurs r\u00e9gions de France m\u00e9tropolitaine depuis le 27 juin,<strong> M\u00e9t\u00e9o France place le d\u00e9partement de la Creuse en <span style=\"text-decoration: underline;\">vigilance orange Canicule<\/span> dimanche 29 juin \u00e0 partir de 12h, jusqu\u2019au mercredi 2 juillet 2025.<\/strong><\/span><\/p><p dir=\"auto\" style=\"text-align: center;\">Lire le communiqu\u00e9 de presse : <strong><a href=\"https:\/\/mairiedebonnat.portesdelacreuseenmarche.fr\/mairiedebonnat-2023\/wp-content\/uploads\/2025\/06\/20250628-Communique-Presse-Vigilance-Orange-Canicule-2.pdf\" target=\"_blank\" rel=\"noopener\">https:\/\/creuse.gouv.fr\/vigilanceorangecanicule<\/a><\/strong><\/p><p dir=\"auto\" style=\"text-align: center;\"><span class=\"x193iq5w xeuugli x13faqbe x1vvkbs x1xmvt09 x1lliihq x1s928wv xhkezso x1gmr53x x1cpjm7i x1fgarty x1943h6x xudqn12 x3x7a5m x6prxxf xvq8zen xo1l8bm xzsf02u x1yc453h\" dir=\"auto\"><em><strong>Adoptez les bons gestes face aux vagues de chaleur pour se prot\u00e9ger et prendre soin de son entourage : <\/strong><\/em><\/span><strong><span class=\"html-span xdj266r x14z9mp xat24cr x1lziwak xexx8yu xyri2b x18d9i69 x1c1uobl x1hl2dhg x16tdsg8 x1vvkbs\"><a class=\"x1i10hfl xjbqb8w x1ejq31n x18oe1m7 x1sy0etr xstzfhl x972fbf x10w94by x1qhh985 x14e42zd x9f619 x1ypdohk xt0psk2 xe8uvvx xdj266r x14z9mp xat24cr x1lziwak xexx8yu xyri2b x18d9i69 x1c1uobl x16tdsg8 x1hl2dhg xggy1nq x1a2a7pz xkrqix3 x1sur9pj x1fey0fg x1s688f\" tabindex=\"0\" role=\"link\" href=\"https:\/\/www.vivre-avec-la-chaleur.fr\/?fbclid=IwZXh0bgNhZW0CMTAAAR4KsRGsRjM70za66R5AzAp0kfxMSJGfgXMLu5JLZ-2mdj5flnIYNCpaUfbD2w_aem_85rpjb2aaKYzD_HgTPe8OQ\" target=\"_blank\" rel=\"nofollow noopener noreferrer\">https:\/\/www.vivre-avec-la-chaleur.fr<\/a><\/span><\/strong><\/p><\/div><\/div><\/div>\t\t\t\t\t\t\t\t<\/div>\n\t\t\t\t<\/div>\n\t\t\t\t\t<\/div>\n\t\t<\/div>\n\t\t\t\t\t<\/div>\n\t\t<\/section>\n\t\t\t\t<section class=\"elementor-section elementor-inner-section elementor-element elementor-element-b1c8d99 elementor-section-boxed elementor-section-height-default elementor-section-height-default\" data-id=\"b1c8d99\" data-element_type=\"section\" data-e-type=\"section\">\n\t\t\t\t\t\t<div class=\"elementor-container elementor-column-gap-default\">\n\t\t\t\t\t<div class=\"elementor-column elementor-col-100 elementor-inner-column elementor-element elementor-element-6ce1804\" data-id=\"6ce1804\" data-element_type=\"column\" data-e-type=\"column\" data-settings=\"{&quot;background_background&quot;:&quot;gradient&quot;}\">\n\t\t\t<div class=\"elementor-widget-wrap elementor-element-populated\">\n\t\t\t\t\t\t<div class=\"elementor-element elementor-element-0c53fc4 elementor-widget elementor-widget-text-editor\" data-id=\"0c53fc4\" data-element_type=\"widget\" data-e-type=\"widget\" data-widget_type=\"text-editor.default\">\n\t\t\t\t<div class=\"elementor-widget-container\">\n\t\t\t\t\t\t\t\t\t<div class=\"x11i5rnm xat24cr x1mh8g0r x1vvkbs xtlvy1s x126k92a\"><div dir=\"auto\"><div class=\"x11i5rnm xat24cr x1mh8g0r x1vvkbs xtlvy1s x126k92a\"><h1 dir=\"auto\" style=\"text-align: center;\"><span class=\"x193iq5w xeuugli x13faqbe x1vvkbs x1xmvt09 x1lliihq x1s928wv xhkezso x1gmr53x x1cpjm7i x1fgarty x1943h6x xudqn12 x3x7a5m x6prxxf xvq8zen xo1l8bm xzsf02u x1yc453h\" dir=\"auto\">Un num\u00e9ro vert \u00ab Canicule info service \u00bb est activ\u00e9 qui est joignable au 0 800 06 66 66 <\/span><\/h1><p dir=\"auto\" style=\"text-align: center;\">Lire le communiqu\u00e9 de presse : <a href=\"https:\/\/mairiedebonnat.portesdelacreuseenmarche.fr\/mairiedebonnat-2023\/wp-content\/uploads\/2025\/06\/Communique-Activation-du-numero-vert-0800-06-66-66_270625-VF-17h25.pdf\"><strong>http:\/\/creuse.gouv.fr\/Activation du num\u00e9ro vert<\/strong><\/a><\/p><\/div><\/div><\/div>\t\t\t\t\t\t\t\t<\/div>\n\t\t\t\t<\/div>\n\t\t\t\t\t<\/div>\n\t\t<\/div>\n\t\t\t\t\t<\/div>\n\t\t<\/section>\n\t\t\t\t<section class=\"elementor-section elementor-inner-section elementor-element elementor-element-c331e11 elementor-section-boxed elementor-section-height-default elementor-section-height-default\" data-id=\"c331e11\" data-element_type=\"section\" data-e-type=\"section\">\n\t\t\t\t\t\t<div class=\"elementor-container elementor-column-gap-default\">\n\t\t\t\t\t<div class=\"elementor-column elementor-col-50 elementor-inner-column elementor-element elementor-element-3bee4ef\" data-id=\"3bee4ef\" data-element_type=\"column\" data-e-type=\"column\" data-settings=\"{&quot;background_background&quot;:&quot;gradient&quot;}\">\n\t\t\t<div class=\"elementor-widget-wrap elementor-element-populated\">\n\t\t\t\t\t\t<div class=\"elementor-element elementor-element-e6cb909 elementor-widget elementor-widget-text-editor\" data-id=\"e6cb909\" data-element_type=\"widget\" data-e-type=\"widget\" data-widget_type=\"text-editor.default\">\n\t\t\t\t<div class=\"elementor-widget-container\">\n\t\t\t\t\t\t\t\t\t<div dir=\"auto\"><div class=\"x14z9mp xat24cr x1lziwak x1vvkbs xtlvy1s x126k92a\"><div dir=\"auto\"><em>Pour s\u2019en prot\u00e9ger et prot\u00e9ger son entourage, il est important d\u2019adopter des comportements individuels et collectifs tels que :<\/em><\/div><\/div><div class=\"x14z9mp xat24cr x1lziwak x1vvkbs xtlvy1s x126k92a\"><div dir=\"auto\">\u2022 <strong>Boire r\u00e9guli\u00e8rement<\/strong> de l\u2019eau sans attendre d\u2019avoir soif ;<\/div><div dir=\"auto\">\u2022 <strong>Se rafra\u00eechir et se mouiller le corps<\/strong> (au moins le visage et les avants bras) plusieurs fois par jour ;<\/div><div dir=\"auto\">\u2022 <strong>Ne pas boire d\u2019alcool<\/strong> et privil\u00e9gier une alimentation l\u00e9g\u00e8re et \u00e9quilibr\u00e9e ;<\/div><div dir=\"auto\">\u2022 <strong>Limiter les sorties aux heures les plus chaudes<\/strong> et passer plusieurs heures par jour dans un endroit frais (cin\u00e9ma, biblioth\u00e8que municipale, supermarch\u00e9\u2026) ;<\/div><div dir=\"auto\">\u2022 <strong>\u00c9viter les efforts physiques<\/strong>, et privil\u00e9gier les activit\u00e9s douces ;<\/div><div dir=\"auto\">\u2022<strong> Maintenir son logement frais<\/strong> (fermer fen\u00eatres et volets la journ\u00e9e, les ouvrir le soir et la nuit) ;<\/div><div dir=\"auto\">\u2022 <strong>Prendre r\u00e9guli\u00e8rement des nouvelles de ses proches<\/strong>, notamment les plus fragiles.<\/div><div dir=\"auto\">\u2022 <strong>Demander de l\u2019aide en cas de besoin.<\/strong><\/div><div dir=\"auto\">\u00a0<\/div><\/div><div class=\"x14z9mp xat24cr x1lziwak x1vvkbs xtlvy1s x126k92a\"><div dir=\"auto\" style=\"text-align: center;\"><strong>Consulter la carte de vigilance M\u00e9t\u00e9o France :<\/strong><\/div><div dir=\"auto\" style=\"text-align: center;\"><strong> <span class=\"html-span xdj266r x14z9mp xat24cr x1lziwak xexx8yu xyri2b x18d9i69 x1c1uobl x1hl2dhg x16tdsg8 x1vvkbs\"><a class=\"x1i10hfl xjbqb8w x1ejq31n x18oe1m7 x1sy0etr xstzfhl x972fbf x10w94by x1qhh985 x14e42zd x9f619 x1ypdohk xt0psk2 xe8uvvx xdj266r x14z9mp xat24cr x1lziwak xexx8yu xyri2b x18d9i69 x1c1uobl x16tdsg8 x1hl2dhg xggy1nq x1a2a7pz xkrqix3 x1sur9pj x1fey0fg x1s688f\" tabindex=\"0\" role=\"link\" href=\"https:\/\/vigilance.meteofrance.fr\/fr\/creuse?fbclid=IwZXh0bgNhZW0CMTAAAR5IuweXevz08zGmSDZ-4lQ8R3su_4cGRJ2O0OGBiUXnhjeFwJxk0lLI4SgJUg_aem_QIAls-O4dXxEE35LzlABbQ\" target=\"_blank\" rel=\"nofollow noopener noreferrer\">https:\/\/vigilance.meteofrance.fr\/fr\/creuse<\/a><\/span><\/strong><\/div><\/div><\/div>\t\t\t\t\t\t\t\t<\/div>\n\t\t\t\t<\/div>\n\t\t\t\t\t<\/div>\n\t\t<\/div>\n\t\t\t\t<div class=\"elementor-column elementor-col-50 elementor-inner-column elementor-element elementor-element-297a1ce\" data-id=\"297a1ce\" data-element_type=\"column\" data-e-type=\"column\">\n\t\t\t<div class=\"elementor-widget-wrap elementor-element-populated\">\n\t\t\t\t\t\t<div class=\"elementor-element elementor-element-104509f elementor-widget elementor-widget-image\" data-id=\"104509f\" data-element_type=\"widget\" data-e-type=\"widget\" data-widget_type=\"image.default\">\n\t\t\t\t<div class=\"elementor-widget-container\">\n\t\t\t\t\t\t\t\t\t\t\t\t\t\t\t<img fetchpriority=\"high\" decoding=\"async\" width=\"576\" height=\"1024\" src=\"https:\/\/mairiedebonnat.portesdelacreuseenmarche.fr\/mairiedebonnat-2023\/wp-content\/uploads\/2025\/06\/514035011_1057068209949515_2947385041935375991_n-576x1024.jpg\" class=\"attachment-large size-large wp-image-26098\" alt=\"514035011 1057068209949515 2947385041935375991 N\" srcset=\"https:\/\/mairiedebonnat.portesdelacreuseenmarche.fr\/mairiedebonnat-2023\/wp-content\/uploads\/2025\/06\/514035011_1057068209949515_2947385041935375991_n-576x1024.jpg 576w, https:\/\/mairiedebonnat.portesdelacreuseenmarche.fr\/mairiedebonnat-2023\/wp-content\/uploads\/2025\/06\/514035011_1057068209949515_2947385041935375991_n-169x300.jpg 169w, https:\/\/mairiedebonnat.portesdelacreuseenmarche.fr\/mairiedebonnat-2023\/wp-content\/uploads\/2025\/06\/514035011_1057068209949515_2947385041935375991_n-768x1365.jpg 768w, https:\/\/mairiedebonnat.portesdelacreuseenmarche.fr\/mairiedebonnat-2023\/wp-content\/uploads\/2025\/06\/514035011_1057068209949515_2947385041935375991_n-864x1536.jpg 864w, https:\/\/mairiedebonnat.portesdelacreuseenmarche.fr\/mairiedebonnat-2023\/wp-content\/uploads\/2025\/06\/514035011_1057068209949515_2947385041935375991_n.jpg 1080w\" sizes=\"(max-width: 576px) 100vw, 576px\" \/>\t\t\t\t\t\t\t\t\t\t\t\t\t\t\t<\/div>\n\t\t\t\t<\/div>\n\t\t\t\t\t<\/div>\n\t\t<\/div>\n\t\t\t\t\t<\/div>\n\t\t<\/section>\n\t\t\t\t<section class=\"elementor-section elementor-inner-section elementor-element elementor-element-5a2524b elementor-section-boxed elementor-section-height-default elementor-section-height-default\" data-id=\"5a2524b\" data-element_type=\"section\" data-e-type=\"section\">\n\t\t\t\t\t\t<div class=\"elementor-container elementor-column-gap-default\">\n\t\t\t\t\t<div class=\"elementor-column elementor-col-100 elementor-inner-column elementor-element elementor-element-ab6b6e5\" data-id=\"ab6b6e5\" data-element_type=\"column\" data-e-type=\"column\" data-settings=\"{&quot;background_background&quot;:&quot;gradient&quot;}\">\n\t\t\t<div class=\"elementor-widget-wrap elementor-element-populated\">\n\t\t\t\t\t\t<div class=\"elementor-element elementor-element-d9ef49d elementor-widget elementor-widget-image\" data-id=\"d9ef49d\" data-element_type=\"widget\" data-e-type=\"widget\" data-widget_type=\"image.default\">\n\t\t\t\t<div class=\"elementor-widget-container\">\n\t\t\t\t\t\t\t\t\t\t\t\t\t\t\t<img decoding=\"async\" width=\"1024\" height=\"576\" src=\"https:\/\/mairiedebonnat.portesdelacreuseenmarche.fr\/mairiedebonnat-2023\/wp-content\/uploads\/2025\/06\/513926848_1057067569949579_2545247673065480067_n.jpg\" class=\"attachment-large size-large wp-image-26097\" alt=\"513926848 1057067569949579 2545247673065480067 N\" srcset=\"https:\/\/mairiedebonnat.portesdelacreuseenmarche.fr\/mairiedebonnat-2023\/wp-content\/uploads\/2025\/06\/513926848_1057067569949579_2545247673065480067_n.jpg 1024w, https:\/\/mairiedebonnat.portesdelacreuseenmarche.fr\/mairiedebonnat-2023\/wp-content\/uploads\/2025\/06\/513926848_1057067569949579_2545247673065480067_n-300x169.jpg 300w, https:\/\/mairiedebonnat.portesdelacreuseenmarche.fr\/mairiedebonnat-2023\/wp-content\/uploads\/2025\/06\/513926848_1057067569949579_2545247673065480067_n-768x432.jpg 768w\" sizes=\"(max-width: 1024px) 100vw, 1024px\" \/>\t\t\t\t\t\t\t\t\t\t\t\t\t\t\t<\/div>\n\t\t\t\t<\/div>\n\t\t\t\t\t<\/div>\n\t\t<\/div>\n\t\t\t\t\t<\/div>\n\t\t<\/section>\n\t\t\t\t\t<\/div>\n\t\t<\/div>\n\t\t\t\t<div class=\"elementor-column elementor-col-50 elementor-top-column elementor-element elementor-element-572972a\" data-id=\"572972a\" data-element_type=\"column\" data-e-type=\"column\">\n\t\t\t<div class=\"elementor-widget-wrap\">\n\t\t\t\t\t\t\t<\/div>\n\t\t<\/div>\n\t\t\t\t\t<\/div>\n\t\t<\/section>\n\t\t\t\t<section class=\"elementor-section elementor-top-section elementor-element elementor-element-2f6df1f elementor-section-boxed elementor-section-height-default elementor-section-height-default\" data-id=\"2f6df1f\" data-element_type=\"section\" data-e-type=\"section\">\n\t\t\t\t\t\t<div class=\"elementor-container elementor-column-gap-default\">\n\t\t\t\t\t<div class=\"elementor-column elementor-col-100 elementor-top-column elementor-element elementor-element-0b0c293\" data-id=\"0b0c293\" data-element_type=\"column\" data-e-type=\"column\">\n\t\t\t<div class=\"elementor-widget-wrap elementor-element-populated\">\n\t\t\t\t\t\t<div class=\"elementor-element elementor-element-c1560a1 elementor-widget elementor-widget-spacer\" data-id=\"c1560a1\" data-element_type=\"widget\" data-e-type=\"widget\" data-widget_type=\"spacer.default\">\n\t\t\t\t<div class=\"elementor-widget-container\">\n\t\t\t\t\t\t\t<div class=\"elementor-spacer\">\n\t\t\t<div class=\"elementor-spacer-inner\"><\/div>\n\t\t<\/div>\n\t\t\t\t\t\t<\/div>\n\t\t\t\t<\/div>\n\t\t\t\t\t<\/div>\n\t\t<\/div>\n\t\t\t\t\t<\/div>\n\t\t<\/section>\n\t\t\t\t<\/div>\n\t\t","protected":false},"excerpt":{"rendered":"<p>\u00c0 LA UNE ! \u2a20 ALERTE CANICULE : Vigilance Orange Alors qu\u2019une vague de chaleur s\u2019installe durablement dans plusieurs r\u00e9gions de France m\u00e9tropolitaine depuis le 27 juin, M\u00e9t\u00e9o France place le d\u00e9partement de la Creuse en vigilance orange Canicule dimanche 29 juin \u00e0 partir de 12h, jusqu\u2019au mercredi 2 juillet 2025. Lire le communiqu\u00e9 de&#8230;<\/p>\n","protected":false},"author":1,"featured_media":26097,"comment_status":"closed","ping_status":"open","sticky":false,"template":"","format":"standard","meta":{"_kad_post_transparent":"default","_kad_post_title":"default","_kad_post_layout":"default","_kad_post_sidebar_id":"","_kad_post_content_style":"default","_kad_post_vertical_padding":"default","_kad_post_feature":"","_kad_post_feature_position":"","_kad_post_header":false,"_kad_post_footer":false,"slim_seo":{"title":"ALERTE CANICULE : Vigilance Orange - Commune de Bonnat","description":"\u00c0 LA UNE ! \u2a20 ALERTE CANICULE : Vigilance Orange Alors qu\u2019une vague de chaleur s\u2019installe durablement dans plusieurs r\u00e9gions de France m\u00e9tropolitaine depuis le 2"},"footnotes":""},"categories":[84,29],"tags":[25],"class_list":["post-26096","post","type-post","status-publish","format-standard","has-post-thumbnail","hentry","category-sante","category-vigilance-et-securite","tag-bonnat"],"_links":{"self":[{"href":"https:\/\/mairiedebonnat.portesdelacreuseenmarche.fr\/mairiedebonnat-2023\/wp-json\/wp\/v2\/posts\/26096","targetHints":{"allow":["GET"]}}],"collection":[{"href":"https:\/\/mairiedebonnat.portesdelacreuseenmarche.fr\/mairiedebonnat-2023\/wp-json\/wp\/v2\/posts"}],"about":[{"href":"https:\/\/mairiedebonnat.portesdelacreuseenmarche.fr\/mairiedebonnat-2023\/wp-json\/wp\/v2\/types\/post"}],"author":[{"embeddable":true,"href":"https:\/\/mairiedebonnat.portesdelacreuseenmarche.fr\/mairiedebonnat-2023\/wp-json\/wp\/v2\/users\/1"}],"replies":[{"embeddable":true,"href":"https:\/\/mairiedebonnat.portesdelacreuseenmarche.fr\/mairiedebonnat-2023\/wp-json\/wp\/v2\/comments?post=26096"}],"version-history":[{"count":8,"href":"https:\/\/mairiedebonnat.portesdelacreuseenmarche.fr\/mairiedebonnat-2023\/wp-json\/wp\/v2\/posts\/26096\/revisions"}],"predecessor-version":[{"id":26108,"href":"https:\/\/mairiedebonnat.portesdelacreuseenmarche.fr\/mairiedebonnat-2023\/wp-json\/wp\/v2\/posts\/26096\/revisions\/26108"}],"wp:featuredmedia":[{"embeddable":true,"href":"https:\/\/mairiedebonnat.portesdelacreuseenmarche.fr\/mairiedebonnat-2023\/wp-json\/wp\/v2\/media\/26097"}],"wp:attachment":[{"href":"https:\/\/mairiedebonnat.portesdelacreuseenmarche.fr\/mairiedebonnat-2023\/wp-json\/wp\/v2\/media?parent=26096"}],"wp:term":[{"taxonomy":"category","embeddable":true,"href":"https:\/\/mairiedebonnat.portesdelacreuseenmarche.fr\/mairiedebonnat-2023\/wp-json\/wp\/v2\/categories?post=26096"},{"taxonomy":"post_tag","embeddable":true,"href":"https:\/\/mairiedebonnat.portesdelacreuseenmarche.fr\/mairiedebonnat-2023\/wp-json\/wp\/v2\/tags?post=26096"}],"curies":[{"name":"wp","href":"https:\/\/api.w.org\/{rel}","templated":true}]}}